{"id":29279,"date":"2020-05-20T09:23:08","date_gmt":"2020-05-20T12:23:08","guid":{"rendered":"http:\/\/www.sincomam.org.br\/?p=29279"},"modified":"2020-05-19T13:55:41","modified_gmt":"2020-05-19T16:55:41","slug":"governo-prorroga-prazo-de-entrega-da-declaracao-do-ir-para-30-de-junho","status":"publish","type":"post","link":"https:\/\/www.sincomam.org.br\/index.php\/governo-prorroga-prazo-de-entrega-da-declaracao-do-ir-para-30-de-junho\/","title":{"rendered":"Governo prorroga prazo de entrega da declara\u00e7\u00e3o do IR para 30 de junho"},"content":{"rendered":"<p><strong><em>IOF de opera\u00e7\u00f5es de cr\u00e9dito \u00e9 desonerado e contribui\u00e7\u00f5es s\u00e3o adiadas<\/em><\/strong><\/p>\n<p>Cerca de 32 milh\u00f5es de pessoas f\u00edsicas ganharam mais dois meses para entregarem a declara\u00e7\u00e3o do Imposto de Renda Pessoa F\u00edsica. O prazo, que acabaria em 30 de abril, foi estendido para 30 de junho, anunciou h\u00e1 pouco o secret\u00e1rio da Receita Federal, Jos\u00e9 Barroso Tostes Neto.<\/p>\n<p>Segundo o secret\u00e1rio, apesar de a entrega das declara\u00e7\u00f5es neste ano estar em ritmo superior ao do mesmo per\u00edodo do ano passado, a Receita concordou em prorrogar o prazo depois de ouvir relatos de contribuintes confinados em casa com dificuldades em obter documentos na empresa ou de conseguir recibos com cl\u00ednicas m\u00e9dicas para deduzirem gastos.<\/p>\n<p>\u201cO ritmo de entrega continua bom. At\u00e9 ontem, t\u00ednhamos recebido 8,8 milh\u00f5es de declara\u00e7\u00f5es, 400 mil a mais que no mesmo per\u00edodo do ano passado. Isso representa 27% do esperado. Por\u00e9m decidimos pela prorroga\u00e7\u00e3o por demanda de contribuintes confinados em casa, mas que relatam a falta de documentos ou documentos que est\u00e3o na empresa, no escrit\u00f3rio ou na cl\u00ednica. Eles est\u00e3o com dificuldade moment\u00e2nea de obter todos os documentos necess\u00e1rios\u201d, explicou.<\/p>\n<p>Sobre a possibilidade de rever o cronograma de restitui\u00e7\u00e3o para quem j\u00e1 entregou a declara\u00e7\u00e3o, o secret\u00e1rio disse que ainda vai reavaliar a medida. Neste ano, a Receita tinha reduzido, de sete para cinco, o n\u00famero de lotes de restitui\u00e7\u00e3o e antecipado o primeiro lote de 15 de junho para 30 de maio.<\/p>\n<p>Tostes tamb\u00e9m anunciou a total desonera\u00e7\u00e3o, por 90 dias, de Imposto sobre Opera\u00e7\u00f5es Financeiras (IOF) sobre opera\u00e7\u00f5es de cr\u00e9dito. A medida ter\u00e1 como objetivo baratear as linhas emergenciais de cr\u00e9dito j\u00e1 anunciadas pelo governo. Segundo ele, o governo deixar\u00e1 de arrecadar R$ 7 bilh\u00f5es com a desonera\u00e7\u00e3o.<\/p>\n<p>A \u00faltima medida anunciada pelo secret\u00e1rio foi o adiamento das contribui\u00e7\u00f5es de abril e de maio para o Programa de Integra\u00e7\u00e3o Social (PIS), o Programa de Forma\u00e7\u00e3o do Patrim\u00f4nio do Servidor P\u00fablico (Pasep), para o Financiamento da Seguridade Social (Cofins) e da contribui\u00e7\u00e3o patronal para a Previd\u00eancia Social, paga pelos empregadores. As parcelas s\u00f3 ser\u00e3o pagas de agosto a outubro, permitindo a inje\u00e7\u00e3o de R$ 80 bilh\u00f5es na economia.<\/p>\n<p>Fonte: Ag\u00eancia Brasil<\/p>\n","protected":false},"excerpt":{"rendered":"<p>IOF de opera\u00e7\u00f5es de cr\u00e9dito \u00e9 desonerado e contribui\u00e7\u00f5es s\u00e3o adiadas Cerca de 32 milh\u00f5es de pessoas f\u00edsicas ganharam mais dois meses para entregarem a&#8230;<\/p>\n","protected":false},"author":1182,"featured_media":18073,"comment_status":"closed","ping_status":"closed","sticky":false,"template":"","format":"standard","meta":{"footnotes":""},"categories":[6],"tags":[546,107,192,2998,2999,3000,852,1140],"class_list":["post-29279","post","type-post","status-publish","format-standard","has-post-thumbnail","hentry","category-noticias","tag-declaracao","tag-empresa","tag-governo","tag-imposto-renda","tag-iof","tag-junho","tag-prazo","tag-trabalhadores"],"_links":{"self":[{"href":"https:\/\/www.sincomam.org.br\/index.php\/wp-json\/wp\/v2\/posts\/29279","targetHints":{"allow":["GET"]}}],"collection":[{"href":"https:\/\/www.sincomam.org.br\/index.php\/wp-json\/wp\/v2\/posts"}],"about":[{"href":"https:\/\/www.sincomam.org.br\/index.php\/wp-json\/wp\/v2\/types\/post"}],"author":[{"embeddable":true,"href":"https:\/\/www.sincomam.org.br\/index.php\/wp-json\/wp\/v2\/users\/1182"}],"replies":[{"embeddable":true,"href":"https:\/\/www.sincomam.org.br\/index.php\/wp-json\/wp\/v2\/comments?post=29279"}],"version-history":[{"count":1,"href":"https:\/\/www.sincomam.org.br\/index.php\/wp-json\/wp\/v2\/posts\/29279\/revisions"}],"predecessor-version":[{"id":29280,"href":"https:\/\/www.sincomam.org.br\/index.php\/wp-json\/wp\/v2\/posts\/29279\/revisions\/29280"}],"wp:featuredmedia":[{"embeddable":true,"href":"https:\/\/www.sincomam.org.br\/index.php\/wp-json\/wp\/v2\/media\/18073"}],"wp:attachment":[{"href":"https:\/\/www.sincomam.org.br\/index.php\/wp-json\/wp\/v2\/media?parent=29279"}],"wp:term":[{"taxonomy":"category","embeddable":true,"href":"https:\/\/www.sincomam.org.br\/index.php\/wp-json\/wp\/v2\/categories?post=29279"},{"taxonomy":"post_tag","embeddable":true,"href":"https:\/\/www.sincomam.org.br\/index.php\/wp-json\/wp\/v2\/tags?post=29279"}],"curies":[{"name":"wp","href":"https:\/\/api.w.org\/{rel}","templated":true}]}}