{"id":29259,"date":"2020-05-18T11:20:44","date_gmt":"2020-05-18T14:20:44","guid":{"rendered":"http:\/\/www.sincomam.org.br\/?p=29259"},"modified":"2020-05-18T11:46:48","modified_gmt":"2020-05-18T14:46:48","slug":"brasil-e-o-quarto-pais-do-mundo-com-mais-casos-de-covid-19","status":"publish","type":"post","link":"https:\/\/www.sincomam.org.br\/index.php\/brasil-e-o-quarto-pais-do-mundo-com-mais-casos-de-covid-19\/","title":{"rendered":"Brasil \u00e9 o quarto pa\u00eds do mundo com mais casos confirmados de Covid-19"},"content":{"rendered":"<p><strong><em>Pa\u00eds tem 241.080 casos confirmados e 16.118 \u00f3bitos. No total, 94.122 brasileiros j\u00e1 est\u00e3o recuperados, segundo Minist\u00e9rio da Sa\u00fade<\/em><\/strong><\/p>\n<p>O Brasil registrou 485 novas mortes pelo novo coronav\u00edrus (Covid-19) nas \u00faltimas 24 horas, totalizando 16.118. A letalidade (n\u00famero de mortes pela quantidade de casos confirmados) da doen\u00e7a no pa\u00eds est\u00e1 em 6,7%. O Minist\u00e9rio da Sa\u00fade informou que o pa\u00eds chegou ao total de 241.080 casos confirmados da doen\u00e7a.<\/p>\n<p>O n\u00famero de recuperados chegou a 94.122, sendo 39% do total de infectados, de acordo com o \u00faltimo boletim di\u00e1rio do Minist\u00e9rio. Outros 130.840 casos (54,3%) est\u00e3o em acompanhamento. H\u00e1 ainda 2.450 mortes em investiga\u00e7\u00e3o.<a href=\"https:\/\/www.sincomam.org.br\/wp-content\/uploads\/2020\/05\/infogr\u00e1fico-covid-19-1.jpg\"><img fetchpriority=\"high\" decoding=\"async\" class=\"size-full wp-image-29260 alignleft\" src=\"https:\/\/www.sincomam.org.br\/wp-content\/uploads\/2020\/05\/infogr\u00e1fico-covid-19-1.jpg\" alt=\"\" width=\"679\" height=\"338\" srcset=\"https:\/\/www.sincomam.org.br\/wp-content\/uploads\/2020\/05\/infogr\u00e1fico-covid-19-1.jpg 679w, https:\/\/www.sincomam.org.br\/wp-content\/uploads\/2020\/05\/infogr\u00e1fico-covid-19-1-300x149.jpg 300w\" sizes=\"(max-width: 679px) 100vw, 679px\" \/><\/a><\/p>\n<p>O Brasil \u00e9 o quarto do mundo com mais casos da doen\u00e7a, segundo a contabiliza\u00e7\u00e3o da universidade americana Johns Hopkins. O n\u00famero de diagn\u00f3sticos no Brasil aproxima-se rapidamente das estat\u00edsticas do Reino Unido, que ocupa o terceiro lugar no ranking global, com 244.995 casos. \u00c0 frente, est\u00e3o apenas a R\u00fassia (281.752) e os Estados Unidos (1.478.241).<\/p>\n<p>No ranking de mortes causadas por Covid-19, o Brasil continua na sexta posi\u00e7\u00e3o, atr\u00e1s da Fran\u00e7a (28.111), Espanha (27.563), It\u00e1lia (31.908), Reino Unido (34.716) e Estados Unidos (89.318).<\/p>\n<p><strong>Avan\u00e7o do coronav\u00edrus nos estados brasileiros<\/strong><\/p>\n<p>S\u00e3o Paulo se mant\u00e9m como epicentro da pandemia no pa\u00eds, concentrando o maior n\u00famero de mortes (4.782). O estado \u00e9 seguido pelo Rio de Janeiro (2.715), Cear\u00e1 (1.641), Pernambuco (1.516) e Amazonas (1.413).<\/p>\n<p>A prefeitura do Rio de Janeiro abriu nesta segunda-feira (18), vagas para 1,9 mil profissionais de sa\u00fade, que devem estar na linha de frente do tratamento da Covid-19. As convoca\u00e7\u00f5es s\u00e3o para candidatos inscritos no processo seletivo Emergencial &#8211; Coronav\u00edrus. Os profissionais que tiverem as contrata\u00e7\u00f5es efetivadas se apresentam nos hospitais em que ser\u00e3o lotados j\u00e1 nos pr\u00f3ximos dias.<\/p>\n<p><strong>Programa Mais M\u00e9dicos<\/strong><\/p>\n<p>O Minist\u00e9rio da Sa\u00fade publicou no Di\u00e1rio Oficial da Uni\u00e3o de hoje (18), a lista de m\u00e9dicos cubanos que ser\u00e3o reincorporados ao programa Mais M\u00e9dicos. De acordo com a Portaria n\u00ba 31, por meio da Secretaria de Aten\u00e7\u00e3o Prim\u00e1ria \u00e0 Sa\u00fade ser\u00e1 concedido registro \u00fanico para o exerc\u00edcio da medicina, no \u00e2mbito do projeto, aos m\u00e9dicos cubanos \u201creincorporados em 1\u00aa chamada do Edital n\u00ba 9 de 26 de mar\u00e7o de 2020\u201d.<\/p>\n<p>Fonte: Ag\u00eancia Brasil &#8211; Infogr\u00e1fico: Minist\u00e9rio da Sa\u00fade<\/p>\n","protected":false},"excerpt":{"rendered":"<p>Pa\u00eds tem 241.080 casos confirmados e 16.118 \u00f3bitos. No total, 94.122 brasileiros j\u00e1 est\u00e3o recuperados, segundo Minist\u00e9rio da Sa\u00fade O Brasil registrou 485 novas mortes&#8230;<\/p>\n","protected":false},"author":1182,"featured_media":28633,"comment_status":"closed","ping_status":"closed","sticky":false,"template":"","format":"standard","meta":{"footnotes":""},"categories":[6],"tags":[61,2778,97,2752,2751,2993,378,1005,1210,1576,1178,59,366,519],"class_list":["post-29259","post","type-post","status-publish","format-standard","has-post-thumbnail","hentry","category-noticias","tag-brasil","tag-casos","tag-concurso","tag-coronavirus","tag-covid-19","tag-mais-medicos","tag-ministerio","tag-mortes","tag-mundo","tag-pais","tag-quarto","tag-rio-de-janeiro","tag-sao-paulo","tag-saude"],"_links":{"self":[{"href":"https:\/\/www.sincomam.org.br\/index.php\/wp-json\/wp\/v2\/posts\/29259","targetHints":{"allow":["GET"]}}],"collection":[{"href":"https:\/\/www.sincomam.org.br\/index.php\/wp-json\/wp\/v2\/posts"}],"about":[{"href":"https:\/\/www.sincomam.org.br\/index.php\/wp-json\/wp\/v2\/types\/post"}],"author":[{"embeddable":true,"href":"https:\/\/www.sincomam.org.br\/index.php\/wp-json\/wp\/v2\/users\/1182"}],"replies":[{"embeddable":true,"href":"https:\/\/www.sincomam.org.br\/index.php\/wp-json\/wp\/v2\/comments?post=29259"}],"version-history":[{"count":12,"href":"https:\/\/www.sincomam.org.br\/index.php\/wp-json\/wp\/v2\/posts\/29259\/revisions"}],"predecessor-version":[{"id":29272,"href":"https:\/\/www.sincomam.org.br\/index.php\/wp-json\/wp\/v2\/posts\/29259\/revisions\/29272"}],"wp:featuredmedia":[{"embeddable":true,"href":"https:\/\/www.sincomam.org.br\/index.php\/wp-json\/wp\/v2\/media\/28633"}],"wp:attachment":[{"href":"https:\/\/www.sincomam.org.br\/index.php\/wp-json\/wp\/v2\/media?parent=29259"}],"wp:term":[{"taxonomy":"category","embeddable":true,"href":"https:\/\/www.sincomam.org.br\/index.php\/wp-json\/wp\/v2\/categories?post=29259"},{"taxonomy":"post_tag","embeddable":true,"href":"https:\/\/www.sincomam.org.br\/index.php\/wp-json\/wp\/v2\/tags?post=29259"}],"curies":[{"name":"wp","href":"https:\/\/api.w.org\/{rel}","templated":true}]}}