{"id":29247,"date":"2020-05-18T10:19:33","date_gmt":"2020-05-18T13:19:33","guid":{"rendered":"http:\/\/www.sincomam.org.br\/?p=29247"},"modified":"2020-05-18T11:48:43","modified_gmt":"2020-05-18T14:48:43","slug":"navio-fica-de-quarentena-no-porto-de-suape-apos-tripulante-ter-diagnostico-de-covid-19","status":"publish","type":"post","link":"https:\/\/www.sincomam.org.br\/index.php\/navio-fica-de-quarentena-no-porto-de-suape-apos-tripulante-ter-diagnostico-de-covid-19\/","title":{"rendered":"Navio fica de quarentena no Porto de Suape ap\u00f3s tripulante ter diagn\u00f3stico de Covid-19"},"content":{"rendered":"<p><strong><em>Esta \u00e9 a segunda embarca\u00e7\u00e3o a ficar retida em Pernambuco devido a caso confirmado do novo coronav\u00edrus<\/em><\/strong><\/p>\n<p>Um navio atracou em Pernambuco e est\u00e1 de quarentena depois que um dos 26 tripulantes a bordo teve confirma\u00e7\u00e3o para a Covid-19, na sexta-feira (15). O navio est\u00e1 retido no Porto de Suape, no Litoral Sul de Pernambuco.<\/p>\n<p>O paciente, um homem de 46 anos, est\u00e1 sendo medicado dentro da embarca\u00e7\u00e3o, com quadro de sa\u00fade est\u00e1vel, de acordo com informa\u00e7\u00f5es da Ag\u00eancia Nacional de Vigil\u00e2ncia Sanit\u00e1ria (Anvisa) repassadas pela administra\u00e7\u00e3o de Suape.<\/p>\n<p>De acordo com o Porto de Suape, o navio de quarentena desde a sexta-feira tem bandeira brasileira e veio do Terminal de Madre de Deus, na Bahia, para receber \u00f3leo combust\u00edvel para exporta\u00e7\u00e3o, atrav\u00e9s de transbordo com outras embarca\u00e7\u00f5es. Ele chegou a Pernambuco na segunda-feira (11).<\/p>\n<p>O homem contaminado permanece isolado e ser\u00e1 reavaliado por um m\u00e9dico. A tripula\u00e7\u00e3o est\u00e1 sendo monitorada pela Anvisa e ningu\u00e9m mais apresentou sintomas, at\u00e9 este s\u00e1bado (16).<\/p>\n<p>O navio dever\u00e1 ficar em \u00e1rea isolada do Cais 1 de Suape at\u00e9 o dia 24 de maio, desde que novos casos n\u00e3o sejam identificados. N\u00e3o houve embarque ou desembarque de tripula\u00e7\u00e3o, nem contato com trabalhadores portu\u00e1rios locais.<\/p>\n<p><strong>Barreira sanit\u00e1ria<\/strong><\/p>\n<p>Ainda de acordo com o Porto de Suape, foi ativado um Plano de Conting\u00eancia e Emerg\u00eancia em Sa\u00fade P\u00fablica, montado para dar resposta a situa\u00e7\u00f5es relacionadas a casos de doen\u00e7as infectocontagiosas, com uma barreira sanit\u00e1ria instalada no local. Esse \u00e9 o primeiro caso de contamina\u00e7\u00e3o de tripulante confirmado em Suape, de acordo com o porto.<\/p>\n<p>A barreira sanit\u00e1ria prev\u00ea que os t\u00e9cnicos envolvidos na investiga\u00e7\u00e3o se higienizem e descartem os equipamentos de prote\u00e7\u00e3o individual utilizados a bordo. Caso seja preciso fazer alguma remo\u00e7\u00e3o a algum hospital, h\u00e1 uma ambul\u00e2ncia no porto, com equipe especializada, que se mant\u00e9m de plant\u00e3o.<\/p>\n<p>&#8220;Toda a movimenta\u00e7\u00e3o vem sendo monitorada e, antes de atracar, as embarca\u00e7\u00f5es precisam de autoriza\u00e7\u00e3o da Anvisa, \u00f3rg\u00e3o respons\u00e1vel por conceder a livre pr\u00e1tica aos navios, ou seja, a anu\u00eancia para que o navio possa entrar no porto e operar, checando e atestando as condi\u00e7\u00f5es sanit\u00e1rias e de sa\u00fade do ambiente e dos tripulantes a bordo, por meio da Declara\u00e7\u00e3o Mar\u00edtima de Sa\u00fade preenchida pelo comandante&#8221;, disse o porto, por meio de nota.<\/p>\n<p><strong>Silver Shadow<\/strong><\/p>\n<p>Este \u00e9 o segundo navio a ser retido em Pernambuco, desde o in\u00edcio da pandemia de coronav\u00edrus. O primeiro foi o cruzeiro Silver Shadow, que ficou 14 dias de quarentena no Porto do Recife depois que um turista canadense de 79 anos passou mal e teve confirma\u00e7\u00e3o para a doen\u00e7a. A embarca\u00e7\u00e3o foi retida dia 12 de mar\u00e7o e o turista morreu no dia 26 do mesmo m\u00eas.<\/p>\n<p>Fonte: G1\/Pernambuco &#8212; Foto: Porto de Suape\/Divulga\u00e7\u00e3o<\/p>\n","protected":false},"excerpt":{"rendered":"<p>Esta \u00e9 a segunda embarca\u00e7\u00e3o a ficar retida em Pernambuco devido a caso confirmado do novo coronav\u00edrus Um navio atracou em Pernambuco e est\u00e1 de&#8230;<\/p>\n","protected":false},"author":1182,"featured_media":29249,"comment_status":"closed","ping_status":"closed","sticky":false,"template":"","format":"standard","meta":{"footnotes":""},"categories":[6],"tags":[2752,2751,227,2848,2988,1756,47,80,2809,2989,614,978],"class_list":["post-29247","post","type-post","status-publish","format-standard","has-post-thumbnail","hentry","category-noticias","tag-coronavirus","tag-covid-19","tag-cruzeiro","tag-diagnostico","tag-infectado","tag-morte","tag-navio","tag-porto","tag-quarentena","tag-silver-shadow","tag-suape","tag-tripulante"],"_links":{"self":[{"href":"https:\/\/www.sincomam.org.br\/index.php\/wp-json\/wp\/v2\/posts\/29247","targetHints":{"allow":["GET"]}}],"collection":[{"href":"https:\/\/www.sincomam.org.br\/index.php\/wp-json\/wp\/v2\/posts"}],"about":[{"href":"https:\/\/www.sincomam.org.br\/index.php\/wp-json\/wp\/v2\/types\/post"}],"author":[{"embeddable":true,"href":"https:\/\/www.sincomam.org.br\/index.php\/wp-json\/wp\/v2\/users\/1182"}],"replies":[{"embeddable":true,"href":"https:\/\/www.sincomam.org.br\/index.php\/wp-json\/wp\/v2\/comments?post=29247"}],"version-history":[{"count":2,"href":"https:\/\/www.sincomam.org.br\/index.php\/wp-json\/wp\/v2\/posts\/29247\/revisions"}],"predecessor-version":[{"id":29273,"href":"https:\/\/www.sincomam.org.br\/index.php\/wp-json\/wp\/v2\/posts\/29247\/revisions\/29273"}],"wp:featuredmedia":[{"embeddable":true,"href":"https:\/\/www.sincomam.org.br\/index.php\/wp-json\/wp\/v2\/media\/29249"}],"wp:attachment":[{"href":"https:\/\/www.sincomam.org.br\/index.php\/wp-json\/wp\/v2\/media?parent=29247"}],"wp:term":[{"taxonomy":"category","embeddable":true,"href":"https:\/\/www.sincomam.org.br\/index.php\/wp-json\/wp\/v2\/categories?post=29247"},{"taxonomy":"post_tag","embeddable":true,"href":"https:\/\/www.sincomam.org.br\/index.php\/wp-json\/wp\/v2\/tags?post=29247"}],"curies":[{"name":"wp","href":"https:\/\/api.w.org\/{rel}","templated":true}]}}