{"id":29242,"date":"2020-05-18T09:57:57","date_gmt":"2020-05-18T12:57:57","guid":{"rendered":"http:\/\/www.sincomam.org.br\/?p=29242"},"modified":"2020-05-18T09:57:57","modified_gmt":"2020-05-18T12:57:57","slug":"governo-paga-hoje-2a-parcela-dos-r-600-para-um-grupo-do-bolsa-familia","status":"publish","type":"post","link":"https:\/\/www.sincomam.org.br\/index.php\/governo-paga-hoje-2a-parcela-dos-r-600-para-um-grupo-do-bolsa-familia\/","title":{"rendered":"Governo paga hoje 2\u00aa parcela dos R$ 600 para um grupo do Bolsa Fam\u00edlia"},"content":{"rendered":"<p><strong><em>Milh\u00f5es de trabalhadores fizeram o pedido, ainda aguardam a resposta e, portanto, n\u00e3o receberam nem a primeira parcela<\/em><\/strong><\/p>\n<p>O governo come\u00e7a a pagar nesta segunda-feira (18) a segunda parcela do aux\u00edlio emergencial de R$ 600 para os benefici\u00e1rios do Bolsa Fam\u00edlia com \u00faltimo d\u00edgito do NIS igual a 1. Os benef\u00edcios n\u00e3o ser\u00e3o acumulados. A pessoa receber\u00e1 o que for de maior valor: Bolsa Fam\u00edlia ou aux\u00edlio emergencial. Ter\u00e3o direito \u00e0 segunda parcela aqueles que receberam a primeira at\u00e9 30 de abril.<\/p>\n<p>O calend\u00e1rio de pagamento para quem est\u00e1 no Bolsa Fam\u00edlia \u00e9 diferente daquele para quem se inscreveu por meio do aplicativo da Caixa e pelo site ou estava no Cadastro \u00danico.<\/p>\n<p>Para os benefici\u00e1rios do Bolsa Fam\u00edlia, o governo vai liberar o saque da segunda parcela a cada dia para um grupo diferente, sempre de acordo com o n\u00famero do NIS. Os \u00faltimos a receber ser\u00e3o os com NIS terminado com d\u00edgito zero, no dia 29 de maio.<\/p>\n<p><strong>Pagamento da 2\u00aa parcela<\/strong><\/p>\n<p>OBS: datas v\u00e1lidas somente para quem recebeu a primeira parcela at\u00e9 30\/4<\/p>\n<p>Calend\u00e1rio do dep\u00f3sito na conta digital<\/p>\n<p>O valor cai na conta, mas n\u00e3o poder\u00e1 ser sacado em dinheiro nem transferido para outro banco:<\/p>\n<ul>\n<li>20\/5: nascidos em janeiro e fevereiro<\/li>\n<li>21\/5: nascidos em mar\u00e7o e abril<\/li>\n<li>22\/5: nascidos em maio e junho<\/li>\n<li>23\/5: nascidos em julho e agosto<\/li>\n<li>25\/5: nascidos em setembro e outubro<\/li>\n<li>26\/5: nascidos em novembro e dezembro<\/li>\n<\/ul>\n<p><strong>Calend\u00e1rio do saque em dinheiro<\/strong><\/p>\n<p>O dinheiro fica dispon\u00edvel para saques e transfer\u00eancias:<\/p>\n<ul>\n<li>30\/5: nascidos em janeiro<\/li>\n<li>1\u00ba\/6: nascidos em fevereiro<\/li>\n<li>2\/6: nascidos em mar\u00e7o<\/li>\n<li>3\/6: nascidos em abril<\/li>\n<li>4\/6: nascidos em maio<\/li>\n<li>5\/6: nascidos em junho<\/li>\n<li>6\/6: nascidos em julho<\/li>\n<li>8\/6: nascidos em agosto<\/li>\n<li>9\/6: nascidos em setembro<\/li>\n<li>10\/6: nascidos em outubro<\/li>\n<li>12\/6: nascidos em novembro<\/li>\n<li>13\/6: nascidos em dezembro<\/li>\n<\/ul>\n<p><strong>Benefici\u00e1rios do Bolsa Fam\u00edlia<\/strong><\/p>\n<p>Os saques em dinheiro ocorrer\u00e3o conforme o \u00faltimo n\u00famero do NIS (N\u00famero de Identifica\u00e7\u00e3o Social):<\/p>\n<ul>\n<li>NIS 1: 18 de maio<\/li>\n<li>NIS 2: 19 de maio<\/li>\n<li>NIS 3: 20 de maio<\/li>\n<li>NIS 4: 21 de maio<\/li>\n<li>NIS 5: 22 de maio<\/li>\n<li>NIS 6: 25 de maio<\/li>\n<li>NIS 7: 26 de maio<\/li>\n<li>NIS 8: 27 de maio<\/li>\n<li>NIS 9: 28 de maio<\/li>\n<li>NIS 0: 29 de maio<\/li>\n<\/ul>\n<h5><em>Fonte: Di\u00e1rio Oficial da Uni\u00e3o\/Minist\u00e9rio da Cidadania<\/em><\/h5>\n","protected":false},"excerpt":{"rendered":"<p>Milh\u00f5es de trabalhadores fizeram o pedido, ainda aguardam a resposta e, portanto, n\u00e3o receberam nem a primeira parcela O governo come\u00e7a a pagar nesta segunda-feira&#8230;<\/p>\n","protected":false},"author":1182,"featured_media":29243,"comment_status":"closed","ping_status":"closed","sticky":false,"template":"","format":"standard","meta":{"footnotes":""},"categories":[1],"tags":[1757,2377,1061,390,2781,432,204,1510,1509],"class_list":["post-29242","post","type-post","status-publish","format-standard","has-post-thumbnail","hentry","category-sem-categoria","tag-auxilio","tag-beneficio","tag-bolsa-familia","tag-caixa","tag-coronavoucher","tag-emergencial","tag-pagamento","tag-parcela","tag-segunda"],"_links":{"self":[{"href":"https:\/\/www.sincomam.org.br\/index.php\/wp-json\/wp\/v2\/posts\/29242","targetHints":{"allow":["GET"]}}],"collection":[{"href":"https:\/\/www.sincomam.org.br\/index.php\/wp-json\/wp\/v2\/posts"}],"about":[{"href":"https:\/\/www.sincomam.org.br\/index.php\/wp-json\/wp\/v2\/types\/post"}],"author":[{"embeddable":true,"href":"https:\/\/www.sincomam.org.br\/index.php\/wp-json\/wp\/v2\/users\/1182"}],"replies":[{"embeddable":true,"href":"https:\/\/www.sincomam.org.br\/index.php\/wp-json\/wp\/v2\/comments?post=29242"}],"version-history":[{"count":1,"href":"https:\/\/www.sincomam.org.br\/index.php\/wp-json\/wp\/v2\/posts\/29242\/revisions"}],"predecessor-version":[{"id":29244,"href":"https:\/\/www.sincomam.org.br\/index.php\/wp-json\/wp\/v2\/posts\/29242\/revisions\/29244"}],"wp:featuredmedia":[{"embeddable":true,"href":"https:\/\/www.sincomam.org.br\/index.php\/wp-json\/wp\/v2\/media\/29243"}],"wp:attachment":[{"href":"https:\/\/www.sincomam.org.br\/index.php\/wp-json\/wp\/v2\/media?parent=29242"}],"wp:term":[{"taxonomy":"category","embeddable":true,"href":"https:\/\/www.sincomam.org.br\/index.php\/wp-json\/wp\/v2\/categories?post=29242"},{"taxonomy":"post_tag","embeddable":true,"href":"https:\/\/www.sincomam.org.br\/index.php\/wp-json\/wp\/v2\/tags?post=29242"}],"curies":[{"name":"wp","href":"https:\/\/api.w.org\/{rel}","templated":true}]}}