{"id":29219,"date":"2020-05-15T10:34:57","date_gmt":"2020-05-15T13:34:57","guid":{"rendered":"http:\/\/www.sincomam.org.br\/?p=29219"},"modified":"2020-05-15T14:01:22","modified_gmt":"2020-05-15T17:01:22","slug":"alianca-navegacao-e-logistica-mantem-alta-ocupacao-de-carga-domestica","status":"publish","type":"post","link":"https:\/\/www.sincomam.org.br\/index.php\/alianca-navegacao-e-logistica-mantem-alta-ocupacao-de-carga-domestica\/","title":{"rendered":"Alian\u00e7a Navega\u00e7\u00e3o e Log\u00edstica mant\u00e9m alta ocupa\u00e7\u00e3o de carga dom\u00e9stica"},"content":{"rendered":"<p>A Alian\u00e7a Navega\u00e7\u00e3o e Log\u00edstica realizou no dia 6 de maio, em uma \u00fanica embarca\u00e7\u00e3o, o transporte de 49 mil toneladas de carga 100% dom\u00e9stica, o maior volume j\u00e1 transportado pela marca brasileira.<\/p>\n<p>A opera\u00e7\u00e3o foi realizada no navio &#8220;Monte Sarmiento&#8221;, um porta-cont\u00eainer que possui 272 metros de comprimento com uma capacidade de 5.560 TEUs. O volume transportado contava com aproximadamente 30 mil toneladas de alimentos secos e refrigerados, 3 mil toneladas de produtos de higiene e limpeza, 10 mil toneladas de mat\u00e9ria-prima para embalagem, al\u00e9m de outras mercadorias do segmento de constru\u00e7\u00e3o. A carga de origem das regi\u00f5es Sul e Sudeste teve como destino o Norte e o Nordeste do pa\u00eds.<\/p>\n<p>Para Jaime Batista, gerente comercial de cabotagem, o atual cen\u00e1rio de isolamento tem sido desafiador para todos os segmentos, mas \u00e9 gratificante ver a for\u00e7a do modal cabotagem nas estrat\u00e9gias operacionais das empresas. \u201cEstamos vivendo um momento incomum e desafiador, a nossa equipe est\u00e1 atenta ao cen\u00e1rio com o prop\u00f3sito de oferecer solu\u00e7\u00f5es que permitam que nossos clientes mantenham a sua estrat\u00e9gia operacional ativa. Assim tem sido com a cabotagem, muitas empresas t\u00eam encontrado nela a solu\u00e7\u00e3o para manterem os seus neg\u00f3cios e isso nos inspira a seguir em frente&#8221;, afirma Jaime.<\/p>\n<p>Fonte: Portos e Navios<\/p>\n","protected":false},"excerpt":{"rendered":"<p>A Alian\u00e7a Navega\u00e7\u00e3o e Log\u00edstica realizou no dia 6 de maio, em uma \u00fanica embarca\u00e7\u00e3o, o transporte de 49 mil toneladas de carga 100% dom\u00e9stica,&#8230;<\/p>\n","protected":false},"author":1182,"featured_media":29220,"comment_status":"closed","ping_status":"closed","sticky":false,"template":"","format":"standard","meta":{"footnotes":""},"categories":[6],"tags":[1309,322,2978,2977,886],"class_list":["post-29219","post","type-post","status-publish","format-standard","has-post-thumbnail","hentry","category-noticias","tag-alianca","tag-carga","tag-domestica","tag-logisitca","tag-navegacao"],"_links":{"self":[{"href":"https:\/\/www.sincomam.org.br\/index.php\/wp-json\/wp\/v2\/posts\/29219","targetHints":{"allow":["GET"]}}],"collection":[{"href":"https:\/\/www.sincomam.org.br\/index.php\/wp-json\/wp\/v2\/posts"}],"about":[{"href":"https:\/\/www.sincomam.org.br\/index.php\/wp-json\/wp\/v2\/types\/post"}],"author":[{"embeddable":true,"href":"https:\/\/www.sincomam.org.br\/index.php\/wp-json\/wp\/v2\/users\/1182"}],"replies":[{"embeddable":true,"href":"https:\/\/www.sincomam.org.br\/index.php\/wp-json\/wp\/v2\/comments?post=29219"}],"version-history":[{"count":1,"href":"https:\/\/www.sincomam.org.br\/index.php\/wp-json\/wp\/v2\/posts\/29219\/revisions"}],"predecessor-version":[{"id":29221,"href":"https:\/\/www.sincomam.org.br\/index.php\/wp-json\/wp\/v2\/posts\/29219\/revisions\/29221"}],"wp:featuredmedia":[{"embeddable":true,"href":"https:\/\/www.sincomam.org.br\/index.php\/wp-json\/wp\/v2\/media\/29220"}],"wp:attachment":[{"href":"https:\/\/www.sincomam.org.br\/index.php\/wp-json\/wp\/v2\/media?parent=29219"}],"wp:term":[{"taxonomy":"category","embeddable":true,"href":"https:\/\/www.sincomam.org.br\/index.php\/wp-json\/wp\/v2\/categories?post=29219"},{"taxonomy":"post_tag","embeddable":true,"href":"https:\/\/www.sincomam.org.br\/index.php\/wp-json\/wp\/v2\/tags?post=29219"}],"curies":[{"name":"wp","href":"https:\/\/api.w.org\/{rel}","templated":true}]}}