{"id":29216,"date":"2020-05-15T13:26:16","date_gmt":"2020-05-15T16:26:16","guid":{"rendered":"http:\/\/www.sincomam.org.br\/?p=29216"},"modified":"2020-05-15T13:26:16","modified_gmt":"2020-05-15T16:26:16","slug":"nelson-teich-pede-exoneracao-do-cargo-da-saude-diz-ministerio","status":"publish","type":"post","link":"https:\/\/www.sincomam.org.br\/index.php\/nelson-teich-pede-exoneracao-do-cargo-da-saude-diz-ministerio\/","title":{"rendered":"Nelson Teich pede exonera\u00e7\u00e3o do cargo da Sa\u00fade, diz minist\u00e9rio"},"content":{"rendered":"<p><strong><em>Empossado no dia 17 de abril no lugar de Luiz Henrique Mandetta, o ministro n\u00e3o chegou a completar um m\u00eas de atividades<\/em><\/strong><\/p>\n<p>O ministro da Sa\u00fade, Nelson Teich, pediu exonera\u00e7\u00e3o do cargo, segundo informou comunicado da pasta \u00e0 imprensa na manh\u00e3 desta sexta-feira (15).<\/p>\n<p>Em menos de um m\u00eas, ap\u00f3s aceitar o cargo, substituindo Luiz Henrique Mandetta, o ministro abandona suas fun\u00e7\u00f5es diante do avan\u00e7o da pandemia do novo coronav\u00edrus no Brasil, que j\u00e1 fez 13.993 v\u00edtimas e contabiliza 202.918 infectados.<\/p>\n<p>Teich vinha sendo pressionado pelo presidente Jair Bolsonaro para apoiar o uso da cloroquina em pacientes com sintomas leves de coronav\u00edrus, al\u00e9m de oficializar a flexibiliza\u00e7\u00e3o da quarentena. Outro desentendimento entre eles foi em rela\u00e7\u00e3o ao decreto publicado por Bolsonaro, que liberou a abertura de sal\u00f5es de beleza, barbearias e academias &#8211; \u00a0sendo consideradas como atividades essenciais &#8211; durante a quarentena. Teich n\u00e3o havia sido consultado.<\/p>\n<p><strong>Nota \u00e0 imprensa<\/strong><\/p>\n<p>O ministro da Sa\u00fade, Nelson Teich, pediu exonera\u00e7\u00e3o nesta manh\u00e3. Uma coletiva de imprensa ser\u00e1 marcada nesta tarde.<\/p>\n<p><strong>Teich<\/strong><\/p>\n<p>Nelson Teich nasceu no Rio de Janeiro (RJ), assumiu o Minist\u00e9rio da Sa\u00fade em 17 de abril de 2020. Deixou o cargo em 15 de maio de 2020. O ex-ministro, \u00e9 especialista em oncologia e na \u00e1rea de gest\u00e3o e lideran\u00e7a nas mais renomadas institui\u00e7\u00f5es internacionais. Tamb\u00e9m \u00e9 pesquisador e conhece o cen\u00e1rio de sa\u00fade nas \u00e1reas mais complexas.<\/p>\n<p>Foto: Minist\u00e9rio da Sa\u00fade &#8211; Erasmo Salom\u00e3o\/MS<\/p>\n","protected":false},"excerpt":{"rendered":"<p>Empossado no dia 17 de abril no lugar de Luiz Henrique Mandetta, o ministro n\u00e3o chegou a completar um m\u00eas de atividades O ministro da&#8230;<\/p>\n","protected":false},"author":1182,"featured_media":29217,"comment_status":"closed","ping_status":"closed","sticky":false,"template":"","format":"standard","meta":{"footnotes":""},"categories":[6],"tags":[61,2881,2752,1502,378,2907,2976,519],"class_list":["post-29216","post","type-post","status-publish","format-standard","has-post-thumbnail","hentry","category-noticias","tag-brasil","tag-cargo","tag-coronavirus","tag-demissao","tag-ministerio","tag-nelson-teich","tag-pedido","tag-saude"],"_links":{"self":[{"href":"https:\/\/www.sincomam.org.br\/index.php\/wp-json\/wp\/v2\/posts\/29216","targetHints":{"allow":["GET"]}}],"collection":[{"href":"https:\/\/www.sincomam.org.br\/index.php\/wp-json\/wp\/v2\/posts"}],"about":[{"href":"https:\/\/www.sincomam.org.br\/index.php\/wp-json\/wp\/v2\/types\/post"}],"author":[{"embeddable":true,"href":"https:\/\/www.sincomam.org.br\/index.php\/wp-json\/wp\/v2\/users\/1182"}],"replies":[{"embeddable":true,"href":"https:\/\/www.sincomam.org.br\/index.php\/wp-json\/wp\/v2\/comments?post=29216"}],"version-history":[{"count":1,"href":"https:\/\/www.sincomam.org.br\/index.php\/wp-json\/wp\/v2\/posts\/29216\/revisions"}],"predecessor-version":[{"id":29218,"href":"https:\/\/www.sincomam.org.br\/index.php\/wp-json\/wp\/v2\/posts\/29216\/revisions\/29218"}],"wp:featuredmedia":[{"embeddable":true,"href":"https:\/\/www.sincomam.org.br\/index.php\/wp-json\/wp\/v2\/media\/29217"}],"wp:attachment":[{"href":"https:\/\/www.sincomam.org.br\/index.php\/wp-json\/wp\/v2\/media?parent=29216"}],"wp:term":[{"taxonomy":"category","embeddable":true,"href":"https:\/\/www.sincomam.org.br\/index.php\/wp-json\/wp\/v2\/categories?post=29216"},{"taxonomy":"post_tag","embeddable":true,"href":"https:\/\/www.sincomam.org.br\/index.php\/wp-json\/wp\/v2\/tags?post=29216"}],"curies":[{"name":"wp","href":"https:\/\/api.w.org\/{rel}","templated":true}]}}