{"id":29211,"date":"2020-05-15T11:55:33","date_gmt":"2020-05-15T14:55:33","guid":{"rendered":"http:\/\/www.sincomam.org.br\/?p=29211"},"modified":"2020-05-15T11:55:33","modified_gmt":"2020-05-15T14:55:33","slug":"superintendente-do-porto-de-santos-e-assassinado-acao-do-pcc-e-hipotese","status":"publish","type":"post","link":"https:\/\/www.sincomam.org.br\/index.php\/superintendente-do-porto-de-santos-e-assassinado-acao-do-pcc-e-hipotese\/","title":{"rendered":"Superintendente do Porto de Santos \u00e9 assassinado; a\u00e7\u00e3o do PCC \u00e9 hip\u00f3tese"},"content":{"rendered":"<p><strong><em>Valter Barbosa foi morto, na rodovia R\u00e9gis Bittencourt.<\/em><em> Pol\u00edcia trabalha com hip\u00f3tese de emboscada<\/em><\/strong><\/p>\n<p>O capit\u00e3o de corveta e superintendente do Porto de Santos, Valter Barros Barbosa, 55, foi assassinado na noite de quarta-feira (13) ap\u00f3s ser abordado por criminosos na rodovia R\u00e9gis Bittencourt, na altura de Cajati, cidade a 250 km de dist\u00e2ncia da capital paulista.<\/p>\n<p>Valter Barros dirigia o carro ao lado da mulher. Segundo a SSP (Secretaria da Seguran\u00e7a P\u00fablica), a mulher relatou na delegacia que os dois foram fechados por um carro prata antigo. Dois criminosos com os rostos cobertos obrigaram o casal a parar. Enquanto desciam do ve\u00edculo, Barbosa foi baleado. Segundo o Boletim de Ocorr\u00eancia, os criminosos fugiram levando celular e carteira, mas n\u00e3o especifica de qual das v\u00edtimas.<\/p>\n<p>Investigadores de Santos, de Cajati, da c\u00fapula da Pol\u00edcia Civil e membros do MP (Minist\u00e9rio P\u00fablico) disseram ao UOL que ainda \u00e9 cedo para definir a motiva\u00e7\u00e3o do crime, que nada est\u00e1 descartado, mas, por envolver o Porto de Santos, deve ser investigada uma poss\u00edvel a\u00e7\u00e3o do PCC (Primeiro Comando da Capital).<\/p>\n<p>O porto \u00e9 estrat\u00e9gico para a fac\u00e7\u00e3o paulista. \u00c9 de l\u00e1 que partem grandes remessas de drogas \u2014 principalmente a coca\u00edna \u2014 do Brasil para a Europa, \u00c1frica e \u00c1sia em navios de carga. Um inqu\u00e9rito foi instaurado para tentar esclarecer as circunst\u00e2ncias e encontrar os criminosos.<\/p>\n<p><strong>Capit\u00e3o seria o novo diretor no Porto de Imbituba (SC) <\/strong><\/p>\n<p>Barbosa assumiu o cargo de superintendente por indica\u00e7\u00e3o de Marcelo Ribeiro de Souza, oficial superior da Marinha com 36 anos de servi\u00e7os prestados e que se tornou diretor de Opera\u00e7\u00f5es da Codesp em mar\u00e7o de 2019. Como superintendente, Barbosa era respons\u00e1vel por \u00e1reas como a programa\u00e7\u00e3o dos navios e a fiscaliza\u00e7\u00e3o de determinadas opera\u00e7\u00f5es.<\/p>\n<p><strong>Santos Port Authority <\/strong><\/p>\n<p>A Santos Port Authority (SPA) informou por meio de nota que Barbosa tinha acabado de se desligar do cargo e estava a caminho do estado de Santa Catarina, para assumir a diretoria de Infraestrutura e Log\u00edstica na SCPar Porto de Imbituba (SC). &#8220;Valter foi um exemplo de l\u00edder e companheiro de trabalho que a muitos ensinou e inspirou em pouco mais de um ano de atua\u00e7\u00e3o na SPA. N\u00e3o s\u00f3 com sua excel\u00eancia profissional, mas, sobretudo, com sua simplicidade e disposi\u00e7\u00e3o para ouvir e falar&#8221;, escreveu a SPA.<\/p>\n<p>Fonte: Uol Not\u00edcias \/ Foto: ilustrativa<\/p>\n","protected":false},"excerpt":{"rendered":"<p>Valter Barbosa foi morto, na rodovia R\u00e9gis Bittencourt. Pol\u00edcia trabalha com hip\u00f3tese de emboscada O capit\u00e3o de corveta e superintendente do Porto de Santos, Valter&#8230;<\/p>\n","protected":false},"author":1182,"featured_media":29213,"comment_status":"closed","ping_status":"closed","sticky":false,"template":"","format":"standard","meta":{"footnotes":""},"categories":[6],"tags":[2973,2975,2169,297,15,80,89,2972,194,2974],"class_list":["post-29211","post","type-post","status-publish","format-standard","has-post-thumbnail","hentry","category-noticias","tag-assassinado","tag-crime","tag-imbituba","tag-investigacao","tag-marinha","tag-porto","tag-santos","tag-santos-port-authority","tag-superintendente","tag-valter-barros-barbosa"],"_links":{"self":[{"href":"https:\/\/www.sincomam.org.br\/index.php\/wp-json\/wp\/v2\/posts\/29211","targetHints":{"allow":["GET"]}}],"collection":[{"href":"https:\/\/www.sincomam.org.br\/index.php\/wp-json\/wp\/v2\/posts"}],"about":[{"href":"https:\/\/www.sincomam.org.br\/index.php\/wp-json\/wp\/v2\/types\/post"}],"author":[{"embeddable":true,"href":"https:\/\/www.sincomam.org.br\/index.php\/wp-json\/wp\/v2\/users\/1182"}],"replies":[{"embeddable":true,"href":"https:\/\/www.sincomam.org.br\/index.php\/wp-json\/wp\/v2\/comments?post=29211"}],"version-history":[{"count":1,"href":"https:\/\/www.sincomam.org.br\/index.php\/wp-json\/wp\/v2\/posts\/29211\/revisions"}],"predecessor-version":[{"id":29214,"href":"https:\/\/www.sincomam.org.br\/index.php\/wp-json\/wp\/v2\/posts\/29211\/revisions\/29214"}],"wp:featuredmedia":[{"embeddable":true,"href":"https:\/\/www.sincomam.org.br\/index.php\/wp-json\/wp\/v2\/media\/29213"}],"wp:attachment":[{"href":"https:\/\/www.sincomam.org.br\/index.php\/wp-json\/wp\/v2\/media?parent=29211"}],"wp:term":[{"taxonomy":"category","embeddable":true,"href":"https:\/\/www.sincomam.org.br\/index.php\/wp-json\/wp\/v2\/categories?post=29211"},{"taxonomy":"post_tag","embeddable":true,"href":"https:\/\/www.sincomam.org.br\/index.php\/wp-json\/wp\/v2\/tags?post=29211"}],"curies":[{"name":"wp","href":"https:\/\/api.w.org\/{rel}","templated":true}]}}