{"id":29196,"date":"2020-05-14T11:00:42","date_gmt":"2020-05-14T14:00:42","guid":{"rendered":"http:\/\/www.sincomam.org.br\/?p=29196"},"modified":"2020-05-14T11:00:42","modified_gmt":"2020-05-14T14:00:42","slug":"anp-anuncia-primeira-morte-por-covid-19-de-um-trabalhador-embarcado-em-plataforma","status":"publish","type":"post","link":"https:\/\/www.sincomam.org.br\/index.php\/anp-anuncia-primeira-morte-por-covid-19-de-um-trabalhador-embarcado-em-plataforma\/","title":{"rendered":"ANP anuncia primeira morte por Covid-19 de um trabalhador embarcado em plataforma"},"content":{"rendered":"<p><strong><em>Segundo a ag\u00eancia, o trabalhador estava em uma embarca\u00e7\u00e3o de apoio \u00e0s plataformas e desembarcou no dia 24 de abril com sintomas da doen\u00e7a<\/em><\/strong><\/p>\n<p>A Ag\u00eancia Nacional do Petr\u00f3leo (ANP) anunciou nesta ter\u00e7a-feira (12), o primeiro \u00f3bito de um trabalhador embarcado em uma plataforma mar\u00edtima. O caso ocorreu em uma embarca\u00e7\u00e3o que presta servi\u00e7os de apoio \u00e0s opera\u00e7\u00f5es de explora\u00e7\u00e3o e produ\u00e7\u00e3o. O funcion\u00e1rio desembarcou no dia 24 de abril com sintomas de covid-19 e morreu dois dias depois.<\/p>\n<p>A ANP informou ainda que o n\u00famero de trabalhadores contaminados pela Covid-19 em plataformas mar\u00edtimas era de 196 at\u00e9 \u00e0s 23h e 59m do dia 11, considerando apenas o efetivo das petroleiras. At\u00e9 o \u00faltimo dia 11, quando a ag\u00eancia divulgava o n\u00famero total de contaminados em plataformas, incluindo empregados das petroleiras e das empresas terceirizadas, havia um total de 580 casos contaminados de Covid-19 nas plataformas.<\/p>\n<p>A ANP argumenta que agora n\u00e3o divulga esses n\u00fameros porque n\u00e3o s\u00e3o de empresas reguladas pela ag\u00eancia.<\/p>\n<p>A ag\u00eancia voltou a destacar que os protocolos de seguran\u00e7a determinam que sejam retirados das unidades mar\u00edtimas os trabalhadores, n\u00e3o s\u00f3 os sintom\u00e1ticos, mas todos que tiveram qualquer contato com os contaminados. E quando n\u00e3o for poss\u00edvel manter uma equipe m\u00ednima para manter a plataforma em funcionamento, sua opera\u00e7\u00e3o seja paralisada.<\/p>\n<p>Segundo a ANP, as informa\u00e7\u00f5es enviadas pelas empresas \u00e0 ag\u00eancia s\u00e3o tamb\u00e9m encaminhadas aos \u00f3rg\u00e3os competentes respons\u00e1veis pelas \u00e1reas sanit\u00e1ria, de sa\u00fade e trabalho, como a Anvisa, Secretaria do Trabalho, al\u00e9m do acompanhamento do Minist\u00e9rio P\u00fablico do Trabalho.<\/p>\n<p>Fonte: O Globo<\/p>\n","protected":false},"excerpt":{"rendered":"<p>Segundo a ag\u00eancia, o trabalhador estava em uma embarca\u00e7\u00e3o de apoio \u00e0s plataformas e desembarcou no dia 24 de abril com sintomas da doen\u00e7a A&#8230;<\/p>\n","protected":false},"author":1182,"featured_media":6839,"comment_status":"closed","ping_status":"closed","sticky":false,"template":"","format":"standard","meta":{"footnotes":""},"categories":[6],"tags":[56,2752,1756,186,1538],"class_list":["post-29196","post","type-post","status-publish","format-standard","has-post-thumbnail","hentry","category-noticias","tag-anp","tag-coronavirus","tag-morte","tag-plataforma","tag-trabalhador"],"_links":{"self":[{"href":"https:\/\/www.sincomam.org.br\/index.php\/wp-json\/wp\/v2\/posts\/29196","targetHints":{"allow":["GET"]}}],"collection":[{"href":"https:\/\/www.sincomam.org.br\/index.php\/wp-json\/wp\/v2\/posts"}],"about":[{"href":"https:\/\/www.sincomam.org.br\/index.php\/wp-json\/wp\/v2\/types\/post"}],"author":[{"embeddable":true,"href":"https:\/\/www.sincomam.org.br\/index.php\/wp-json\/wp\/v2\/users\/1182"}],"replies":[{"embeddable":true,"href":"https:\/\/www.sincomam.org.br\/index.php\/wp-json\/wp\/v2\/comments?post=29196"}],"version-history":[{"count":1,"href":"https:\/\/www.sincomam.org.br\/index.php\/wp-json\/wp\/v2\/posts\/29196\/revisions"}],"predecessor-version":[{"id":29197,"href":"https:\/\/www.sincomam.org.br\/index.php\/wp-json\/wp\/v2\/posts\/29196\/revisions\/29197"}],"wp:featuredmedia":[{"embeddable":true,"href":"https:\/\/www.sincomam.org.br\/index.php\/wp-json\/wp\/v2\/media\/6839"}],"wp:attachment":[{"href":"https:\/\/www.sincomam.org.br\/index.php\/wp-json\/wp\/v2\/media?parent=29196"}],"wp:term":[{"taxonomy":"category","embeddable":true,"href":"https:\/\/www.sincomam.org.br\/index.php\/wp-json\/wp\/v2\/categories?post=29196"},{"taxonomy":"post_tag","embeddable":true,"href":"https:\/\/www.sincomam.org.br\/index.php\/wp-json\/wp\/v2\/tags?post=29196"}],"curies":[{"name":"wp","href":"https:\/\/api.w.org\/{rel}","templated":true}]}}