{"id":29192,"date":"2020-05-14T10:50:24","date_gmt":"2020-05-14T13:50:24","guid":{"rendered":"http:\/\/www.sincomam.org.br\/?p=29192"},"modified":"2020-05-14T10:50:24","modified_gmt":"2020-05-14T13:50:24","slug":"ogmo-santos-anuncia-antecipacao-de-indenizacoes-a-avulsos-afetados-pela-covid-19","status":"publish","type":"post","link":"https:\/\/www.sincomam.org.br\/index.php\/ogmo-santos-anuncia-antecipacao-de-indenizacoes-a-avulsos-afetados-pela-covid-19\/","title":{"rendered":"Ogmo Santos anuncia antecipa\u00e7\u00e3o de indeniza\u00e7\u00f5es a avulsos afetados pela COVID-19"},"content":{"rendered":"<p><em><strong>\u00a0\u00d3rg\u00e3o ressaltou que tem adotado as medidas necess\u00e1rias ao estrito cumprimento das obriga\u00e7\u00f5es previstas e o far\u00e1 enquanto perdurar a vig\u00eancia da MP 945\/2020<\/strong><\/em><\/p>\n<p>O \u00d3rg\u00e3o Gestor de M\u00e3o de Obra (Ogmo) de Santos anunciou a antecipa\u00e7\u00e3o dos pagamentos das indeniza\u00e7\u00f5es compensat\u00f3rias aos trabalhadores portu\u00e1rios avulsos, uma medida tempor\u00e1ria em resposta \u00e0 dissemina\u00e7\u00e3o de casos de COVID-19 no Brasil. O pagamento \u00e9 uma obriga\u00e7\u00e3o prevista pela Portaria 46, de 8 de maio de 2020, do Minist\u00e9rio da Infraestrutura, que regula as determina\u00e7\u00f5es da Medida Provis\u00f3ria 945, de 4 de abril de 2020.<\/p>\n<p>A partir deste m\u00eas de maio e enquanto perdurar a vig\u00eancia da Medida Provis\u00f3ria 945, o pagamento das indeniza\u00e7\u00f5es temporariamente bloqueadas nas hip\u00f3teses previstas no artigo 2\u00ba de referida Medida Provis\u00f3ria ser\u00e1 realizado pelo Ogmo\/Santos de forma antecipada conforme o cronograma a seguir:<\/p>\n<ul>\n<li>30% no dia 15 do m\u00eas em curso;<\/li>\n<li>30% no dia 25 do m\u00eas em curso;<\/li>\n<li>40% no dia 5 do m\u00eas subsequente<\/li>\n<\/ul>\n<p>Os operadores portu\u00e1rios ou tomadores de servi\u00e7o que requisitarem os profissionais avulsos aos Ogmos de todo Pa\u00eds ir\u00e3o custear os valores. Caso esse pagamento cause impacto sobre os contratos de arrendamento j\u00e1 firmados, poder\u00e1 haver reequil\u00edbrio econ\u00f4mico-financeiro, determina a rec\u00e9m-publicada Portaria 46.<\/p>\n<p>Fonte: Portogente<\/p>\n","protected":false},"excerpt":{"rendered":"<p>\u00a0\u00d3rg\u00e3o ressaltou que tem adotado as medidas necess\u00e1rias ao estrito cumprimento das obriga\u00e7\u00f5es previstas e o far\u00e1 enquanto perdurar a vig\u00eancia da MP 945\/2020 O&#8230;<\/p>\n","protected":false},"author":1182,"featured_media":7050,"comment_status":"closed","ping_status":"closed","sticky":false,"template":"","format":"standard","meta":{"footnotes":""},"categories":[6],"tags":[2956,325,516,2957,2955,204,1026,2776,1538],"class_list":["post-29192","post","type-post","status-publish","format-standard","has-post-thumbnail","hentry","category-noticias","tag-avulso","tag-liberacao","tag-medida","tag-mp-945","tag-ogmo","tag-pagamento","tag-portuario","tag-provisoria","tag-trabalhador"],"_links":{"self":[{"href":"https:\/\/www.sincomam.org.br\/index.php\/wp-json\/wp\/v2\/posts\/29192","targetHints":{"allow":["GET"]}}],"collection":[{"href":"https:\/\/www.sincomam.org.br\/index.php\/wp-json\/wp\/v2\/posts"}],"about":[{"href":"https:\/\/www.sincomam.org.br\/index.php\/wp-json\/wp\/v2\/types\/post"}],"author":[{"embeddable":true,"href":"https:\/\/www.sincomam.org.br\/index.php\/wp-json\/wp\/v2\/users\/1182"}],"replies":[{"embeddable":true,"href":"https:\/\/www.sincomam.org.br\/index.php\/wp-json\/wp\/v2\/comments?post=29192"}],"version-history":[{"count":1,"href":"https:\/\/www.sincomam.org.br\/index.php\/wp-json\/wp\/v2\/posts\/29192\/revisions"}],"predecessor-version":[{"id":29193,"href":"https:\/\/www.sincomam.org.br\/index.php\/wp-json\/wp\/v2\/posts\/29192\/revisions\/29193"}],"wp:featuredmedia":[{"embeddable":true,"href":"https:\/\/www.sincomam.org.br\/index.php\/wp-json\/wp\/v2\/media\/7050"}],"wp:attachment":[{"href":"https:\/\/www.sincomam.org.br\/index.php\/wp-json\/wp\/v2\/media?parent=29192"}],"wp:term":[{"taxonomy":"category","embeddable":true,"href":"https:\/\/www.sincomam.org.br\/index.php\/wp-json\/wp\/v2\/categories?post=29192"},{"taxonomy":"post_tag","embeddable":true,"href":"https:\/\/www.sincomam.org.br\/index.php\/wp-json\/wp\/v2\/tags?post=29192"}],"curies":[{"name":"wp","href":"https:\/\/api.w.org\/{rel}","templated":true}]}}