{"id":29187,"date":"2020-05-14T10:29:10","date_gmt":"2020-05-14T13:29:10","guid":{"rendered":"http:\/\/www.sincomam.org.br\/?p=29187"},"modified":"2020-05-14T10:29:10","modified_gmt":"2020-05-14T13:29:10","slug":"vice-almirante-da-marinha-do-brasil-cumpre-agenda-no-porto-de-itajai","status":"publish","type":"post","link":"https:\/\/www.sincomam.org.br\/index.php\/vice-almirante-da-marinha-do-brasil-cumpre-agenda-no-porto-de-itajai\/","title":{"rendered":"Vice-Almirante da Marinha do Brasil cumpre agenda no Porto de Itaja\u00ed"},"content":{"rendered":"<p><strong><em>Durante visita, efetivo da Autoridade Mar\u00edtima acompanhou apresenta\u00e7\u00e3o sobre as a\u00e7\u00f5es realizadas no terminal portu\u00e1rio. Destaque para as manobras especiais na \u00e1rea da Nova bacia de Evolu\u00e7\u00e3o<\/em><\/strong><\/p>\n<p>Militares da Marinha do Brasil estiveram cumprindo um roteiro na Delegacia da Capitania dos Portos de Itaja\u00ed, e na oportunidade fizeram uma visita \u00e0 sede da Superintend\u00eancia do Porto de Itaja\u00ed. A comitiva foi recepcionada pelo Superintendente do Porto de Itaja\u00ed, Eng\u00ba Marcelo Werner Salles, Diretor Geral de Opera\u00e7\u00f5es Log\u00edsticas, Heder Cassiano Moritz e pelo Diretor Geral de Engenharia- Andr\u00e9 Pimentel. As informa\u00e7\u00f5es s\u00e3o da Secretaria Geral de Comunica\u00e7\u00e3o Social do Porto de Itaja\u00ed \u2013 SECOM.<\/p>\n<p>Na ocasi\u00e3o estiveram presentes os militares da Marinha do Brasil, Vice-Almirante, Henrique Renato Baptista de Souza (Comandante do 5\u00ba Distrito Naval), Capit\u00e3o de Mar e Guerra, Alexandre Lopes Vianna de Souza (Capit\u00e3o dos Portos de Santa Catarina), Capit\u00e3o de Fragata \u2013 Thales da Silva Barroso Alves (Delegado da Capitania dos Portos de Itaja\u00ed), e o Capit\u00e3o de Corveta, Marcos Moreira Bezerra (Assistente do Comandante do 5\u00ba Distrito Naval).<\/p>\n<p>Entre os principais assuntos citados aos oficiais da Autoridade Mar\u00edtima, destaque para os avan\u00e7os e estat\u00edsticas que o Porto de Itaja\u00ed vem apesentando atualmente mediante surto global de COVID-19, no atual cen\u00e1rio econ\u00f4mico do Estado de Santa Catarina e Brasil.<\/p>\n<p>No encontro, tamb\u00e9m foram apresentadas as a\u00e7\u00f5es estruturantes do porto como: readequa\u00e7\u00e3o vi\u00e1ria, realinhamento dos ber\u00e7os 3 e 4, trabalhos de dragagem de restabelecimento de aprofundamento do canal de acesso ao complexo (14 metros), nova sinaliza\u00e7\u00e3o e simula\u00e7\u00e3o n\u00e1utica com a Praticagem, plano estrat\u00e9gico de expans\u00e3o portu\u00e1ria, Projeto Borda D\u2019\u00c1gua (Porto Cidade), amplia\u00e7\u00e3o do projeto clim\u00e1tico em parceria com os governos da Alemanha e de Santa Catarina, atual situa\u00e7\u00e3o Poligonal do Porto Organizado, reequil\u00edbrio do contrato de arrendamento n\u00e3o operacional com a Marina Itaja\u00ed, melhorias e infraestrutura, balan\u00e7o geral de escalas de navios de cruzeiros de turismo nesta temporada, atual situa\u00e7\u00e3o administrativa e financeira, a parceria efetiva com a Praticagem, Governos Federal e Estadual, administra\u00e7\u00e3o municipal (Prefeitura de Itaja\u00ed), demais TUPs (Terminais de Uso Privado), sindicato da m\u00e3o de obra avulsa (TPA), participa\u00e7\u00e3o de \u00f3rg\u00e3os de classe e entidades civis, entre outros t\u00f3picos.<\/p>\n<p>A diretoria da Superintend\u00eancia do Porto de Itaja\u00ed, ressaltou o bom relacionamento que a Autoridade Portu\u00e1ria de Itaja\u00ed sempre teve com a Autoridade Mar\u00edtima, falando sobre a conclus\u00e3o da primeira etapa das obras da Bacia de Evolu\u00e7\u00e3o do Complexo Portu\u00e1rio de Itaja\u00ed, e, consequentemente sobre as manobras especiais j\u00e1 realizadas desde 16 de janeiro com navios de 306 metros de comprimento por 48,50 de boca (largura), na \u00e1rea da nova Bacia de Evolu\u00e7\u00e3o (em frente ao molhe da Marina Itaja\u00ed, na Ba\u00eda Afonso Wippel \u2013 Saco da Fazenda). Em pauta, discutiu-se a import\u00e2ncia de receber navios maiores, como previstos ainda para este m\u00eas de maio, manobras especiais com navios de at\u00e9 350 metros de comprimento:<\/p>\n<p><em>Com informa\u00e7\u00f5es da SECOM<\/em><\/p>\n","protected":false},"excerpt":{"rendered":"<p>Durante visita, efetivo da Autoridade Mar\u00edtima acompanhou apresenta\u00e7\u00e3o sobre as a\u00e7\u00f5es realizadas no terminal portu\u00e1rio. Destaque para as manobras especiais na \u00e1rea da Nova bacia&#8230;<\/p>\n","protected":false},"author":1182,"featured_media":6990,"comment_status":"closed","ping_status":"closed","sticky":false,"template":"","format":"standard","meta":{"footnotes":""},"categories":[6],"tags":[2752,291,1013,80,373],"class_list":["post-29187","post","type-post","status-publish","format-standard","has-post-thumbnail","hentry","category-noticias","tag-coronavirus","tag-itajai","tag-marinha-do-brasil","tag-porto","tag-visita"],"_links":{"self":[{"href":"https:\/\/www.sincomam.org.br\/index.php\/wp-json\/wp\/v2\/posts\/29187","targetHints":{"allow":["GET"]}}],"collection":[{"href":"https:\/\/www.sincomam.org.br\/index.php\/wp-json\/wp\/v2\/posts"}],"about":[{"href":"https:\/\/www.sincomam.org.br\/index.php\/wp-json\/wp\/v2\/types\/post"}],"author":[{"embeddable":true,"href":"https:\/\/www.sincomam.org.br\/index.php\/wp-json\/wp\/v2\/users\/1182"}],"replies":[{"embeddable":true,"href":"https:\/\/www.sincomam.org.br\/index.php\/wp-json\/wp\/v2\/comments?post=29187"}],"version-history":[{"count":1,"href":"https:\/\/www.sincomam.org.br\/index.php\/wp-json\/wp\/v2\/posts\/29187\/revisions"}],"predecessor-version":[{"id":29188,"href":"https:\/\/www.sincomam.org.br\/index.php\/wp-json\/wp\/v2\/posts\/29187\/revisions\/29188"}],"wp:featuredmedia":[{"embeddable":true,"href":"https:\/\/www.sincomam.org.br\/index.php\/wp-json\/wp\/v2\/media\/6990"}],"wp:attachment":[{"href":"https:\/\/www.sincomam.org.br\/index.php\/wp-json\/wp\/v2\/media?parent=29187"}],"wp:term":[{"taxonomy":"category","embeddable":true,"href":"https:\/\/www.sincomam.org.br\/index.php\/wp-json\/wp\/v2\/categories?post=29187"},{"taxonomy":"post_tag","embeddable":true,"href":"https:\/\/www.sincomam.org.br\/index.php\/wp-json\/wp\/v2\/tags?post=29187"}],"curies":[{"name":"wp","href":"https:\/\/api.w.org\/{rel}","templated":true}]}}