{"id":29182,"date":"2020-05-12T09:02:38","date_gmt":"2020-05-12T12:02:38","guid":{"rendered":"http:\/\/www.sincomam.org.br\/?p=29182"},"modified":"2020-05-12T09:02:38","modified_gmt":"2020-05-12T12:02:38","slug":"ministerio-da-infraestrutura-regulamenta-renda-minima-do-trabalhador-portuario","status":"publish","type":"post","link":"https:\/\/www.sincomam.org.br\/index.php\/ministerio-da-infraestrutura-regulamenta-renda-minima-do-trabalhador-portuario\/","title":{"rendered":"Minist\u00e9rio da Infraestrutura regulamenta renda m\u00ednima do trabalhador portu\u00e1rio"},"content":{"rendered":"<p>O Minist\u00e9rio da Infraestrutura publicou nesta segunda-feira (11) portaria para regulamentar o pagamento da renda m\u00ednima do trabalhador portu\u00e1rio avulso que ficar afastado em raz\u00e3o da pandemia do novo coronav\u00edrus. O documento tamb\u00e9m prev\u00ea regras para os pedidos de reequil\u00edbrio de contrato que ser\u00e3o gerados em raz\u00e3o desse custo.<\/p>\n<p>O direito \u00e0 verba indenizat\u00f3ria foi previsto por medida provis\u00f3ria editada pelo governo no in\u00edcio de abril. Durante o per\u00edodo em que estiver impedido de atuar, o trabalhador receber\u00e1 uma verba mensal que corresponde a 50% da m\u00e9dia da remunera\u00e7\u00e3o bruta recebida entre outubro do ano passado e mar\u00e7o deste ano.<\/p>\n<p>Quem vai custear essa renda \u00e9 o operador portu\u00e1rio ou qualquer tomador de servi\u00e7o que requisitar trabalhador portu\u00e1rio avulso ao \u00d3rg\u00e3o Gestor de M\u00e3o de Obra. Por sua vez, se esse pagamento causar impacto sobre os contratos de arrendamento j\u00e1 firmados, dever\u00e1 haver o reequil\u00edbrio econ\u00f4mico-financeiro.<\/p>\n<p>De acordo com a portaria, a recomposi\u00e7\u00e3o dos contratos poder\u00e1 ser feita de quatro formas, combinadas ou isoladas: abatimento do valor de arrendamento fixo que o arrendat\u00e1rio paga \u00e0 administra\u00e7\u00e3o do porto, abatimento do valor devido sobre movimenta\u00e7\u00e3o m\u00ednima contratual do ano, pelo desconto de tarifas portu\u00e1rias devidas pelo arrendat\u00e1rio \u00e0 administra\u00e7\u00e3o do porto, e pelo ressarcimento direto da autoridade portu\u00e1ria para a empresa arrendat\u00e1ria.<\/p>\n<p>O arrendat\u00e1rio deve apresentar pedido de recomposi\u00e7\u00e3o do equil\u00edbrio diretamente \u00e0 administra\u00e7\u00e3o do porto \u2013 a Ag\u00eancia Nacional de Transportes Aquavi\u00e1rios (Antaq) \u00e9 quem fica respons\u00e1vel por arbitrar eventuais conflitos.<\/p>\n<p>Segundo o normativo, o reequil\u00edbrio de deve ser realizado pela autoridade portu\u00e1ria a partir do m\u00eas subsequente ao pagamento da indeniza\u00e7\u00e3o, e poder\u00e1 ser feito de maneira \u00fanica ou em at\u00e9 doze parcelas mensais e sucessivas. Os valores a serem pagos a partir do segundo m\u00eas subsequente ao pagamento da indeniza\u00e7\u00e3o ser\u00e3o corrigidos pelo \u00cdndice Nacional de Pre\u00e7os ao Consumidor Amplo (IPCA).<\/p>\n<p>N\u00e3o ter\u00e1 direito ao reequil\u00edbrio quem tiver usado do desconto tarif\u00e1rio previsto aos operadores portu\u00e1rios pr\u00e9-qualificados que n\u00e3o sejam arrendat\u00e1rios de instala\u00e7\u00e3o portu\u00e1ria. A forma de aplica\u00e7\u00e3o desse desconto tamb\u00e9m \u00e9 prevista na portaria. Al\u00e9m disso, o normativo tamb\u00e9m prev\u00ea procedimentos sobre o afastamento de trabalhadores diagnosticados ou que apresentem sintomas da covid-19.<\/p>\n<p>Fonte: Isto\u00e9 Dinheiro<\/p>\n","protected":false},"excerpt":{"rendered":"<p>O Minist\u00e9rio da Infraestrutura publicou nesta segunda-feira (11) portaria para regulamentar o pagamento da renda m\u00ednima do trabalhador portu\u00e1rio avulso que ficar afastado em raz\u00e3o&#8230;<\/p>\n","protected":false},"author":1182,"featured_media":7050,"comment_status":"closed","ping_status":"closed","sticky":false,"template":"","format":"standard","meta":{"footnotes":""},"categories":[6],"tags":[204,1026,403,1538],"class_list":["post-29182","post","type-post","status-publish","format-standard","has-post-thumbnail","hentry","category-noticias","tag-pagamento","tag-portuario","tag-salario","tag-trabalhador"],"_links":{"self":[{"href":"https:\/\/www.sincomam.org.br\/index.php\/wp-json\/wp\/v2\/posts\/29182","targetHints":{"allow":["GET"]}}],"collection":[{"href":"https:\/\/www.sincomam.org.br\/index.php\/wp-json\/wp\/v2\/posts"}],"about":[{"href":"https:\/\/www.sincomam.org.br\/index.php\/wp-json\/wp\/v2\/types\/post"}],"author":[{"embeddable":true,"href":"https:\/\/www.sincomam.org.br\/index.php\/wp-json\/wp\/v2\/users\/1182"}],"replies":[{"embeddable":true,"href":"https:\/\/www.sincomam.org.br\/index.php\/wp-json\/wp\/v2\/comments?post=29182"}],"version-history":[{"count":1,"href":"https:\/\/www.sincomam.org.br\/index.php\/wp-json\/wp\/v2\/posts\/29182\/revisions"}],"predecessor-version":[{"id":29183,"href":"https:\/\/www.sincomam.org.br\/index.php\/wp-json\/wp\/v2\/posts\/29182\/revisions\/29183"}],"wp:featuredmedia":[{"embeddable":true,"href":"https:\/\/www.sincomam.org.br\/index.php\/wp-json\/wp\/v2\/media\/7050"}],"wp:attachment":[{"href":"https:\/\/www.sincomam.org.br\/index.php\/wp-json\/wp\/v2\/media?parent=29182"}],"wp:term":[{"taxonomy":"category","embeddable":true,"href":"https:\/\/www.sincomam.org.br\/index.php\/wp-json\/wp\/v2\/categories?post=29182"},{"taxonomy":"post_tag","embeddable":true,"href":"https:\/\/www.sincomam.org.br\/index.php\/wp-json\/wp\/v2\/tags?post=29182"}],"curies":[{"name":"wp","href":"https:\/\/api.w.org\/{rel}","templated":true}]}}