{"id":29180,"date":"2020-05-12T09:44:02","date_gmt":"2020-05-12T12:44:02","guid":{"rendered":"http:\/\/www.sincomam.org.br\/?p=29180"},"modified":"2020-05-12T08:00:53","modified_gmt":"2020-05-12T11:00:53","slug":"covid-19-brasil-tem-168-mil-casos-confirmados-e-115-mil-mortes","status":"publish","type":"post","link":"https:\/\/www.sincomam.org.br\/index.php\/covid-19-brasil-tem-168-mil-casos-confirmados-e-115-mil-mortes\/","title":{"rendered":"Covid-19: Brasil tem 168 mil casos confirmados e 11,5 mil mortes"},"content":{"rendered":"<p><strong><em>Segundo Minist\u00e9rio da Sa\u00fade, 69.232 pessoas est\u00e3o recuperadas<\/em><\/strong><\/p>\n<p>O Brasil chegou aos 168.331 casos confirmados e a 11.519 mortes pela covid-19. As informa\u00e7\u00f5es &#8211; disponibilizadas nesta segunda-feira (11) pelo Minist\u00e9rio da Sa\u00fade no balan\u00e7o di\u00e1rio da pasta sobre a pandemia do novo coronav\u00edrus &#8211; mostram que 69.232 pacientes est\u00e3o recuperados.<\/p>\n<p>Nas \u00faltimas 24h, foram 5.632 novos registros de pessoas infectadas, um aumento de 3,4% em rela\u00e7\u00e3o a ontem, quando foram contabilizadas 162.699 pessoas nessa condi\u00e7\u00e3o. J\u00e1 as novas mortes na atualiza\u00e7\u00e3o somaram 396, um acr\u00e9scimo de 3,5% em rela\u00e7\u00e3o a ontem, quando o balan\u00e7o trouxe 11.123 falecimentos por covid-19.<\/p>\n<p>A taxa de letalidade ficou em 6,8%. Do total de casos confirmados, 82.344 est\u00e3o em acompanhamento e 69.232 foram recuperados. O Minist\u00e9rio da Sa\u00fade n\u00e3o divulgou hoje as mortes em investiga\u00e7\u00e3o, como vinha fazendo at\u00e9 a semana passada.<\/p>\n<p>S\u00e3o Paulo se mant\u00e9m como epicentro da pandemia no pa\u00eds, concentrando o maior n\u00famero de falecimentos (3.743). O estado \u00e9 seguido pelo Rio<span id=\"OBJ_PREFIX_DWT225_com_zimbra_date\" role=\"link\">\u00a0de Janeiro<\/span>\u00a0(1.770), Cear\u00e1 (1.189), Pernambuco (1.087) e Amazonas (1.035).<\/p>\n<p>Al\u00e9m disso, foram registradas mortes no Par\u00e1 (708), Maranh\u00e3o (399), Bahia (211), Esp\u00edrito Santo (196), Minas Gerais (121), Para\u00edba (139), Alagoas (138), Paran\u00e1 (111), Rio Grande do Sul (105), Rio Grande do Norte (92), Santa Catarina (69), Amap\u00e1 (73), Goi\u00e1s (49), Rond\u00f4nia (47), Acre (45), Piau\u00ed (45), Distrito Federal (44), Sergipe (37), Roraima (24), Mato Grosso (19), Mato Grosso do Sul (11) e Tocantins (12).<\/p>\n<p><strong>Balan\u00e7o<\/strong><\/p>\n<p>O secret\u00e1rio executivo do Minist\u00e9rio da Sa\u00fade, Eduardo Pazuello, fez um balan\u00e7o de investimentos e medidas adotadas nestes pouco mais de dois meses desde a notifica\u00e7\u00e3o do primeiro de covid-19 caso no pa\u00eds. Segundo ele, foram repassados a estados e munic\u00edpios R$ 5,3 bilh\u00f5es especificamente para covid-19, sendo R$ 2,1 bilh\u00f5es para estados, R$ 2,2 bilh\u00f5es para munic\u00edpios e R$ 1 bilh\u00e3o para capitais.<\/p>\n<p>O Minist\u00e9rio da Sa\u00fade divulgou nesta segunda-feira (11) as novas diretrizes para orientar a defini\u00e7\u00e3o de medidas de distanciamento social para evitar o cont\u00e1gio da covid-19. As propostas, batizadas em torno do que foi chamado de \u201cplano de gest\u00e3o de risco\u201d, servem como um guia de an\u00e1lise da situa\u00e7\u00e3o de cada estado ou cidade para definir as medidas de distanciamento social e estrat\u00e9gias complementares.<\/p>\n<p>Fonte: Ag\u00eancia Brasil<\/p>\n","protected":false},"excerpt":{"rendered":"<p>Segundo Minist\u00e9rio da Sa\u00fade, 69.232 pessoas est\u00e3o recuperadas O Brasil chegou aos 168.331 casos confirmados e a 11.519 mortes pela covid-19. As informa\u00e7\u00f5es &#8211; disponibilizadas&#8230;<\/p>\n","protected":false},"author":1182,"featured_media":28629,"comment_status":"closed","ping_status":"closed","sticky":false,"template":"","format":"standard","meta":{"footnotes":""},"categories":[6],"tags":[61,2752,2751,1460,1005],"class_list":["post-29180","post","type-post","status-publish","format-standard","has-post-thumbnail","hentry","category-noticias","tag-brasil","tag-coronavirus","tag-covid-19","tag-infectados","tag-mortes"],"_links":{"self":[{"href":"https:\/\/www.sincomam.org.br\/index.php\/wp-json\/wp\/v2\/posts\/29180","targetHints":{"allow":["GET"]}}],"collection":[{"href":"https:\/\/www.sincomam.org.br\/index.php\/wp-json\/wp\/v2\/posts"}],"about":[{"href":"https:\/\/www.sincomam.org.br\/index.php\/wp-json\/wp\/v2\/types\/post"}],"author":[{"embeddable":true,"href":"https:\/\/www.sincomam.org.br\/index.php\/wp-json\/wp\/v2\/users\/1182"}],"replies":[{"embeddable":true,"href":"https:\/\/www.sincomam.org.br\/index.php\/wp-json\/wp\/v2\/comments?post=29180"}],"version-history":[{"count":1,"href":"https:\/\/www.sincomam.org.br\/index.php\/wp-json\/wp\/v2\/posts\/29180\/revisions"}],"predecessor-version":[{"id":29181,"href":"https:\/\/www.sincomam.org.br\/index.php\/wp-json\/wp\/v2\/posts\/29180\/revisions\/29181"}],"wp:featuredmedia":[{"embeddable":true,"href":"https:\/\/www.sincomam.org.br\/index.php\/wp-json\/wp\/v2\/media\/28629"}],"wp:attachment":[{"href":"https:\/\/www.sincomam.org.br\/index.php\/wp-json\/wp\/v2\/media?parent=29180"}],"wp:term":[{"taxonomy":"category","embeddable":true,"href":"https:\/\/www.sincomam.org.br\/index.php\/wp-json\/wp\/v2\/categories?post=29180"},{"taxonomy":"post_tag","embeddable":true,"href":"https:\/\/www.sincomam.org.br\/index.php\/wp-json\/wp\/v2\/tags?post=29180"}],"curies":[{"name":"wp","href":"https:\/\/api.w.org\/{rel}","templated":true}]}}