{"id":29174,"date":"2020-05-12T09:36:50","date_gmt":"2020-05-12T12:36:50","guid":{"rendered":"http:\/\/www.sincomam.org.br\/?p=29174"},"modified":"2020-05-12T01:38:34","modified_gmt":"2020-05-12T04:38:34","slug":"usp-e-marinha-do-brasil-se-preparam-para-produzir-ventiladores-pulmonares","status":"publish","type":"post","link":"https:\/\/www.sincomam.org.br\/index.php\/usp-e-marinha-do-brasil-se-preparam-para-produzir-ventiladores-pulmonares\/","title":{"rendered":"USP e Marinha do Brasil se preparam para produzir ventiladores pulmonares"},"content":{"rendered":"<p><em><strong>Previs\u00e3o \u00e9 de que os primeiros aparelhos possam ser distribu\u00eddos nas pr\u00f3ximas semanas para atender pacientes com COVID-19<\/strong><\/em><\/p>\n<p>A Universidade de S\u00e3o Paulo (USP) e o Centro Tecnol\u00f3gico da Marinha em S\u00e3o Paulo (CTMSP) est\u00e3o se preparando para iniciar a produ\u00e7\u00e3o em escala do ventilador pulmonar emergencial Inspire, desenvolvido por uma equipe de pesquisadores da Escola Polit\u00e9cnica (Poli).<\/p>\n<p>Na \u00faltima sexta-feira (8), o reitor da universidade, Vahan Agopyan, a diretora da Escola Polit\u00e9cnica, Liedi Legi Bariani Bernucci, e os professores Raul Gonzalez Lima, Marcelo Kn\u00f6rich Zuffo e Dario Gramorelli, visitaram as instala\u00e7\u00f5es do Centro Tecnol\u00f3gico que s\u00e3o preparadas para iniciar a produ\u00e7\u00e3o.<\/p>\n<p><strong>Tecnologia nacional<\/strong><\/p>\n<p>O Inspire \u00e9 um ventilador pulmonar emergencial de baixo custo, que pode ser produzido em at\u00e9 duas horas, com tecnologia nacional, sendo mais barato dos que os aparelhos dispon\u00edveis no mercado. \u201cEstamos vivendo um momento \u00fanico e temos uma responsabilidade muito grande. N\u00e3o podemos descansar quando h\u00e1 pessoas morrendo. Essa pandemia mostrou que h\u00e1 a necessidade de o Pa\u00eds ter sua ind\u00fastria, sua pr\u00f3pria tecnologia. N\u00e3o podemos ser dependentes\u201d, salientou Vahan Agopyan ao Jornal da USP.<\/p>\n<p>O diretor do Centro de Coordena\u00e7\u00e3o de Estudos da Marinha em S\u00e3o Paulo, capit\u00e3o-de-mar-e-guerra Paulo Henrique da Rocha, apresentou a estrutura de produ\u00e7\u00e3o que j\u00e1 est\u00e1 montada. Nos pr\u00f3ximos dias, ter\u00e3o in\u00edcio os testes de produ\u00e7\u00e3o para o primeiro lote. A previs\u00e3o \u00e9 de que em duas semanas os primeiros aparelhos possam ser distribu\u00eddos.<\/p>\n<p>Estima-se que o CTMSP tenha capacidade para produzir entre 25 e 50 ventiladores pulmonares por dia e essa capacidade poder\u00e1 ser ampliada caso haja necessidade.<\/p>\n<p>\u201cTer a oportunidade de participar desse projeto \u00e9 motivo de orgulho para todos n\u00f3s porque a miss\u00e3o da Marinha \u00e9 proteger os brasileiros e esta \u00e9 uma forma de proteger os brasileiros. Nesta sexta (8), a USP e a Marinha completam 64 anos de uma longa e produtiva parceria. Essa data \u00e9 ainda mais especial nesse momento cr\u00edtico que estamos vivendo, diante da grave amea\u00e7a \u00e0 popula\u00e7\u00e3o mundial\u201d, destacou o vice-almirante Noriaki Wada, diretor do CTMSP, ao Jornal da USP.<\/p>\n<p>A diretora da Poli, Liedi Legi Bariani Bernucci, aproveitou a ocasi\u00e3o para agradecer ao apoio log\u00edstico que a Marinha tem prestado, especialmente na distribui\u00e7\u00e3o de 3 mil <em>face shields<\/em> \u2014 protetores faciais utilizados como equipamentos de prote\u00e7\u00e3o individual (EPI) \u2013 produzidos pela Escola e entregues gratuitamente a hospitais p\u00fablicos.<\/p>\n<p><strong><em>Inspire<\/em><\/strong><\/p>\n<p>A ideia de desenvolver um ventilador pulmonar de baixo custo, livre de patente, de r\u00e1pida produ\u00e7\u00e3o e com insumos nacionais surgiu ainda em mar\u00e7o. O Projeto do Ventilador Pulmonar Inspire foi criado com o objetivo de oferecer uma alternativa para suprir uma poss\u00edvel demanda emergencial do aparelho causada pela pandemia da COVID-19, doen\u00e7a causada pelo novo coronav\u00edrus.<\/p>\n<p>Desde ent\u00e3o, uma equipe multidisciplinar de pesquisadores da Poli, coordenada pelos professores Marcelo Kn\u00f6rich Zuffo e Ra\u00fal Gonzalez Lima, tem trabalhado para viabilizar o Inspire.<\/p>\n<p>Em abril, o projeto foi aprovado nas etapas finais de testes, realizados com quatro pacientes do Instituto do Cora\u00e7\u00e3o (Incor) do Hospital das Cl\u00ednicas da Faculdade de Medicina da USP. O respirador foi considerado aprovado em todos os modos de uso e n\u00e3o houve nenhum problema com os pacientes ventilados.<\/p>\n<p>O projeto tamb\u00e9m tem a participa\u00e7\u00e3o de pesquisadores de diversas unidades da USP e outras institui\u00e7\u00f5es, e conta com doa\u00e7\u00f5es de parceiros da iniciativa privada. O aparelho foi registrado com uma licen\u00e7a <em>open source<\/em>, que permite a qualquer pessoa ou empresa acessar o protocolo de manufatura e fabric\u00e1-lo, bastando, para tanto, obter uma autoriza\u00e7\u00e3o da Anvisa.<\/p>\n<p><strong>Parceria<\/strong><\/p>\n<p>A visita do reitor ao Centro Tecnol\u00f3gico da Marinha em S\u00e3o Paulo acontece exatamente no dia em que a universidade e a Marinha completam 64 anos de parceria. O conv\u00eanio teve in\u00edcio em 1956, quando a Marinha decidiu se associar a uma grande universidade para que suas pesquisas na \u00e1rea de ci\u00eancia e tecnologia fossem conduzidas por uma institui\u00e7\u00e3o acad\u00eamica civil.<\/p>\n<p>A parceria resultou na cria\u00e7\u00e3o do primeiro curso de Engenharia Naval do Pa\u00eds, oferecido pela Poli. Ao todo, j\u00e1 foram formados mais de 500 oficiais engenheiros para a Marinha e cerca de dois mil engenheiros navais civis. As pesquisas desenvolvidas em conjunto resultaram na incorpora\u00e7\u00e3o de inova\u00e7\u00f5es por parte da Marinha e de empresas que atuam no setor naval ou na regi\u00e3o oce\u00e2nica.<\/p>\n<p>Entre os avan\u00e7os obtidos est\u00e3o o desenvolvimento do primeiro computador brasileiro, o Patinho Feio, ainda no come\u00e7o da d\u00e9cada de 1970; a evolu\u00e7\u00e3o na \u00e1rea de constru\u00e7\u00e3o de reatores e seguran\u00e7a nuclear; o avan\u00e7o em automa\u00e7\u00e3o e controle promovido pelo desenvolvimento de inova\u00e7\u00f5es necess\u00e1rias para as fragatas e corvetas; e o conhecimento produzido pelo Tanque de Provas Num\u00e9rico (TPN) e sua estrutura de simula\u00e7\u00e3o.<\/p>\n<p>Com informa\u00e7\u00f5es do Portal do Governo SP \/ Foto: divulga\u00e7\u00e3o<\/p>\n","protected":false},"excerpt":{"rendered":"<p>Previs\u00e3o \u00e9 de que os primeiros aparelhos possam ser distribu\u00eddos nas pr\u00f3ximas semanas para atender pacientes com COVID-19 A Universidade de S\u00e3o Paulo (USP) e&#8230;<\/p>\n","protected":false},"author":1182,"featured_media":29175,"comment_status":"closed","ping_status":"closed","sticky":false,"template":"","format":"standard","meta":{"footnotes":""},"categories":[6],"tags":[2752,1013,166,76,2954,1273,2953],"class_list":["post-29174","post","type-post","status-publish","format-standard","has-post-thumbnail","hentry","category-noticias","tag-coronavirus","tag-marinha-do-brasil","tag-parceria","tag-producao","tag-pulmonar","tag-usp","tag-ventilador"],"_links":{"self":[{"href":"https:\/\/www.sincomam.org.br\/index.php\/wp-json\/wp\/v2\/posts\/29174","targetHints":{"allow":["GET"]}}],"collection":[{"href":"https:\/\/www.sincomam.org.br\/index.php\/wp-json\/wp\/v2\/posts"}],"about":[{"href":"https:\/\/www.sincomam.org.br\/index.php\/wp-json\/wp\/v2\/types\/post"}],"author":[{"embeddable":true,"href":"https:\/\/www.sincomam.org.br\/index.php\/wp-json\/wp\/v2\/users\/1182"}],"replies":[{"embeddable":true,"href":"https:\/\/www.sincomam.org.br\/index.php\/wp-json\/wp\/v2\/comments?post=29174"}],"version-history":[{"count":2,"href":"https:\/\/www.sincomam.org.br\/index.php\/wp-json\/wp\/v2\/posts\/29174\/revisions"}],"predecessor-version":[{"id":29177,"href":"https:\/\/www.sincomam.org.br\/index.php\/wp-json\/wp\/v2\/posts\/29174\/revisions\/29177"}],"wp:featuredmedia":[{"embeddable":true,"href":"https:\/\/www.sincomam.org.br\/index.php\/wp-json\/wp\/v2\/media\/29175"}],"wp:attachment":[{"href":"https:\/\/www.sincomam.org.br\/index.php\/wp-json\/wp\/v2\/media?parent=29174"}],"wp:term":[{"taxonomy":"category","embeddable":true,"href":"https:\/\/www.sincomam.org.br\/index.php\/wp-json\/wp\/v2\/categories?post=29174"},{"taxonomy":"post_tag","embeddable":true,"href":"https:\/\/www.sincomam.org.br\/index.php\/wp-json\/wp\/v2\/tags?post=29174"}],"curies":[{"name":"wp","href":"https:\/\/api.w.org\/{rel}","templated":true}]}}