{"id":29139,"date":"2020-05-11T11:00:01","date_gmt":"2020-05-11T14:00:01","guid":{"rendered":"http:\/\/www.sincomam.org.br\/?p=29139"},"modified":"2020-05-11T11:54:46","modified_gmt":"2020-05-11T14:54:46","slug":"forcas-armadas-fornecem-apoio-psicologico-durante-pandemia-de-covid-19","status":"publish","type":"post","link":"https:\/\/www.sincomam.org.br\/index.php\/forcas-armadas-fornecem-apoio-psicologico-durante-pandemia-de-covid-19\/","title":{"rendered":"For\u00e7as Armadas fornecem apoio psicol\u00f3gico durante pandemia de COVID-19"},"content":{"rendered":"<p><em><strong>Preocupa\u00e7\u00e3o de exposi\u00e7\u00e3o \u00e0 doen\u00e7a e o distanciamento social podem gerar per\u00edodos de estresse em militares<\/strong><\/em><\/p>\n<p>O Minist\u00e9rio da Defesa informa que as equipes especializadas em psicologia das For\u00e7as Armadas est\u00e3o preparadas para enfrentar poss\u00edveis problemas psicol\u00f3gicos causados pelo panorama atual no Brasil. Diversas a\u00e7\u00f5es visam cuidar e auxiliar pessoas que passam por eventos potencialmente traum\u00e1ticos, entre militares, civis e, principalmente, aqueles que atuam efetivamente contra o coronav\u00edrus.<\/p>\n<p>Segundo o minist\u00e9rio, os militares precisam estar preparados n\u00e3o s\u00f3 fisicamente, como tamb\u00e9m psicologicamente, para lidar com as mais diversas adversidades do servi\u00e7o na Opera\u00e7\u00e3o COVID-19. Atualmente, mais de 29 mil militares desempenham diversas atividades de apoio a \u00f3rg\u00e3os governamentais e de fronteiras, transporte de brasileiros vindos de outros pa\u00edses, campanhas de vacina\u00e7\u00e3o, montagens de barracas para atendimento, al\u00e9m de limpeza e descontamina\u00e7\u00e3o de locais p\u00fablicos por todo o Pa\u00eds.<\/p>\n<p>A psic\u00f3loga e chefe do setor de Psicologia do Hospital Militar de \u00c1rea de Bras\u00edlia (HMAB), Tenente-Coronel Ana Cl\u00e1udia Lopes, destaca a import\u00e2ncia do preparo psicol\u00f3gico dos combatentes. \u201cQuanto maior a capacidade de o militar recompor o seu equil\u00edbrio mental e emocional perante as situa\u00e7\u00f5es geradoras de estresse, maior ser\u00e1 sua resist\u00eancia para permanecer na a\u00e7\u00e3o\u201d, disse.<\/p>\n<p>Para esse preparo mental em situa\u00e7\u00f5es de crise, os militares desenvolvem o condicionamento psicol\u00f3gico ao longo da carreira. Existem \u00e1reas espec\u00edficas do Ex\u00e9rcito \u2013 ensino e operacional \u2013 encarregadas de desenvolver estrat\u00e9gias para essa capacita\u00e7\u00e3o. No Manual de Doutrina das For\u00e7as Armadas existe a express\u00e3o \u201cMoral da Tropa\u201d, princ\u00edpio de guerra utilizado para designar o estado de \u00e2nimo ou a atitude mental de um indiv\u00edduo ou grupo de indiv\u00edduos, que se reflete na conduta da tropa. Manter e aprimorar o moral elevado \u00e9 essencial ao sucesso da guerra, como descreve o Manual.<\/p>\n<p><strong>Marinha<\/strong><\/p>\n<p>O portal Sa\u00fade Naval, da Marinha do Brasil (MB), re\u00fane conte\u00fados com informa\u00e7\u00f5es importantes sobre os meios para enfrentar a amea\u00e7a da COVID-19 &#8211; incluindo dicas para cuidar da sa\u00fade mental. Por meio de textos, v\u00eddeos e podcast, o portal orienta sobre os cuidados necess\u00e1rios durante per\u00edodos de maior instabilidade.<\/p>\n<p>Um dos temas j\u00e1 tratados no portal em programa de podcast da Sa\u00fade Naval foi sobre os cuidados com a sa\u00fade emocional, mesmo com as restri\u00e7\u00f5es por conta da COVID-19.<\/p>\n<p><strong>Ex\u00e9rcito<\/strong><\/p>\n<p>J\u00e1 o Departamento-Geral do Pessoal do Ex\u00e9rcito Brasileiro publicou em sua p\u00e1gina guia sobre &#8220;Como proteger a sua Sa\u00fade Mental&#8221;. O material, produzido pelo Centro de Comunica\u00e7\u00e3o Social do Ex\u00e9rcito (CCOMSEX) e com participa\u00e7\u00e3o do personagem infantil Recrutinha, trata de temas como os cuidados ao lidar com o excesso de not\u00edcias e uso de redes sociais, al\u00e9m de destacar a import\u00e2ncia da solidariedade, empatia e valoriza\u00e7\u00e3o dos profissionais de sa\u00fade.<\/p>\n<p>Aos que precisarem de ajuda, o guia divulga o contato do Centro de Valoriza\u00e7\u00e3o da Vida, que atende pelo n\u00famero 188. Al\u00e9m disso, o HMAB oferece servi\u00e7o de acolhimento a quem procura a \u00e1rea, pautado em escutas ativas e emp\u00e1ticas \u00e0s demandas.<\/p>\n<p>Foto: Marinha, Ex\u00e9rcito e FAB<\/p>\n","protected":false},"excerpt":{"rendered":"<p>Preocupa\u00e7\u00e3o de exposi\u00e7\u00e3o \u00e0 doen\u00e7a e o distanciamento social podem gerar per\u00edodos de estresse em militares O Minist\u00e9rio da Defesa informa que as equipes especializadas&#8230;<\/p>\n","protected":false},"author":1182,"featured_media":29140,"comment_status":"closed","ping_status":"closed","sticky":false,"template":"","format":"standard","meta":{"footnotes":""},"categories":[6],"tags":[748,837,894,15,2944],"class_list":["post-29139","post","type-post","status-publish","format-standard","has-post-thumbnail","hentry","category-noticias","tag-apoio","tag-exercito","tag-forcas-armadas","tag-marinha","tag-psicologico"],"_links":{"self":[{"href":"https:\/\/www.sincomam.org.br\/index.php\/wp-json\/wp\/v2\/posts\/29139","targetHints":{"allow":["GET"]}}],"collection":[{"href":"https:\/\/www.sincomam.org.br\/index.php\/wp-json\/wp\/v2\/posts"}],"about":[{"href":"https:\/\/www.sincomam.org.br\/index.php\/wp-json\/wp\/v2\/types\/post"}],"author":[{"embeddable":true,"href":"https:\/\/www.sincomam.org.br\/index.php\/wp-json\/wp\/v2\/users\/1182"}],"replies":[{"embeddable":true,"href":"https:\/\/www.sincomam.org.br\/index.php\/wp-json\/wp\/v2\/comments?post=29139"}],"version-history":[{"count":2,"href":"https:\/\/www.sincomam.org.br\/index.php\/wp-json\/wp\/v2\/posts\/29139\/revisions"}],"predecessor-version":[{"id":29142,"href":"https:\/\/www.sincomam.org.br\/index.php\/wp-json\/wp\/v2\/posts\/29139\/revisions\/29142"}],"wp:featuredmedia":[{"embeddable":true,"href":"https:\/\/www.sincomam.org.br\/index.php\/wp-json\/wp\/v2\/media\/29140"}],"wp:attachment":[{"href":"https:\/\/www.sincomam.org.br\/index.php\/wp-json\/wp\/v2\/media?parent=29139"}],"wp:term":[{"taxonomy":"category","embeddable":true,"href":"https:\/\/www.sincomam.org.br\/index.php\/wp-json\/wp\/v2\/categories?post=29139"},{"taxonomy":"post_tag","embeddable":true,"href":"https:\/\/www.sincomam.org.br\/index.php\/wp-json\/wp\/v2\/tags?post=29139"}],"curies":[{"name":"wp","href":"https:\/\/api.w.org\/{rel}","templated":true}]}}