{"id":29103,"date":"2020-05-08T13:06:05","date_gmt":"2020-05-08T16:06:05","guid":{"rendered":"http:\/\/www.sincomam.org.br\/?p=29103"},"modified":"2020-05-08T13:31:56","modified_gmt":"2020-05-08T16:31:56","slug":"covid-19-brasil-passa-dos-135-mil-casos-confirmados-e-9-888-mortes","status":"publish","type":"post","link":"https:\/\/www.sincomam.org.br\/index.php\/covid-19-brasil-passa-dos-135-mil-casos-confirmados-e-9-888-mortes\/","title":{"rendered":"Covid-19: Brasil passa dos 135 mil casos confirmados e 9.888 mortes"},"content":{"rendered":"<p><strong><em>Total de recuperados s\u00e3o 55.350. A taxa de letalidade est\u00e1 em 6,8%<\/em><\/strong><\/p>\n<p>O Minist\u00e9rio da Sa\u00fade anunciou que o Brasil chegou a 135.106 casos do novo coronav\u00edrus, com 9.888 registros confirmados da doen\u00e7a nas \u00faltimas 24 horas. Com isso, ultrapassou a Turquia (133.721 casos) e agora \u00e9 oitavo pa\u00eds no ranking mundial de diagn\u00f3sticos da covid-19, segundo levantamento da Universidade John Hopkins.<\/p>\n<p>No total, o Brasil tem 9.146 mortes oficiais, com 610 registros confirmados pela pasta hoje \u2014 227 deles ocorreram nos \u00faltimos tr\u00eas dias. Segundo o governo, at\u00e9 quarta-feira (06), ao menos 65.312 pacientes estavam em acompanhamento e 51.370 j\u00e1 se recuperaram.<\/p>\n<p>De acordo com o Minist\u00e9rio, o balan\u00e7o di\u00e1rio de \u00f3bitos pela doen\u00e7a \u00e9 divulgado com a m\u00e1xima precis\u00e3o, mas tem ocorrido atualiza\u00e7\u00e3o de dados retroativa, e com isso a contabiliza\u00e7\u00e3o dos dados pode ser err\u00f4nea algumas vezes. O atraso na entrega dos resultados \u00e9 um dos principais motivos para essa defasagem no n\u00famero real de v\u00edtimas do coronav\u00edrus.<a href=\"https:\/\/www.sincomam.org.br\/index.php\/covid-19-brasil-passa-dos-135-mil-casos-confirmados-e-9-888-mortes\/covid-19-dados-7-de-maio\/\" rel=\"attachment wp-att-29105\"><img fetchpriority=\"high\" decoding=\"async\" class=\" wp-image-29105 alignleft\" src=\"https:\/\/www.sincomam.org.br\/wp-content\/uploads\/2020\/05\/Covid-19-dados-7-de-maio.jpg\" alt=\"\" width=\"575\" height=\"323\" srcset=\"https:\/\/www.sincomam.org.br\/wp-content\/uploads\/2020\/05\/Covid-19-dados-7-de-maio.jpg 680w, https:\/\/www.sincomam.org.br\/wp-content\/uploads\/2020\/05\/Covid-19-dados-7-de-maio-300x169.jpg 300w\" sizes=\"(max-width: 575px) 100vw, 575px\" \/><\/a><\/p>\n<p><strong>Coronav\u00edrus nos Estados<\/strong><\/p>\n<p>S\u00e3o Paulo segue como o estado com mais casos (39.928) e mortes (3.206). Na sequ\u00eancia est\u00e3o o Rio de Janeiro (14.156 casos e 1.394 \u00f3bitos) e Cear\u00e1 (13.888 diagn\u00f3sticos e 903 mortos). Desde a \u00faltima atualiza\u00e7\u00e3o do Minist\u00e9rio da Sa\u00fade, o Par\u00e1 ultrapassou o Maranh\u00e3o em n\u00famero de casos.<\/p>\n<p>O Rio de Janeiro recebe hoje (08) a visita do Ministro da Sa\u00fade, Nelson Teich, para acompanhar as a\u00e7\u00f5es dos governos estadual e municipais contra o avan\u00e7o do Covid-19. O ministro\u00a0confirmou a cria\u00e7\u00e3o de uma rotina de viagens aos locais mais afetados. Na ocasi\u00e3o, Teich tamb\u00e9m estar\u00e1 fazendo entregas de respiradores e equipamentos de prote\u00e7\u00e3o para os profissionais de sa\u00fade.<\/p>\n<p>O prefeito Bruno Covas de S\u00e3o Paulo, decidiu ampliar o rod\u00edzio de ve\u00edculos na tentativa de reduzir a curva de crescimento dos casos de coronav\u00edrus. A medida, que come\u00e7a a ser implementada a partir da pr\u00f3xima segunda (11), valer\u00e1 para toda a cidade, inclusive nos fins de semana, aumentando de 20 para 50% a restri\u00e7\u00e3o de circula\u00e7\u00e3o.<\/p>\n<p><strong>Lockdown<\/strong><\/p>\n<p>O lockdown come\u00e7a a se espalhar pelo pa\u00eds, chegando a 18 cidades de cinco estados. Primeiro estado do Sudeste a decretar o regime mais r\u00edgido de isolamento, Rio de Janeiro anunciou, ontem (7), a medida em Niter\u00f3i e em Bangu. A decis\u00e3o no Rio foi tomada ap\u00f3s o governo fluminense considerar o relat\u00f3rio t\u00e9cnico-cient\u00edfico da Funda\u00e7\u00e3o Oswaldo Cruz (Fiocruz).<\/p>\n<p>Em S\u00e3o Lu\u00eds, na ter\u00e7a-feira, 5, as ruas da capital maranhense deveriam estar mais vazias para evitar a propaga\u00e7\u00e3o do novo coronav\u00edrus. O lockdown come\u00e7ou a valer nessa quinta (7), em Bel\u00e9m e em outros nove munic\u00edpios do Par\u00e1. A restri\u00e7\u00e3o deve se estender por dez dias. No Cear\u00e1, o bloqueio come\u00e7a hoje (8) em Fortaleza, e amanh\u00e3 (9) ser\u00e1 a vez da Bahia testar as primeiras medidas de confinamento, em Salvador. Mesmo tendo uma das maiores incid\u00eancias nacionais de casos e mortes por 1 milh\u00e3o de habitantes, o Amazonas n\u00e3o adotou as medidas de bloqueio.<\/p>\n<p>A maioria dos estados que j\u00e1 decretaram lockdown faz parte da lista de 12 unidades federativas que ultrapassam os 100 \u00f3bitos pela doen\u00e7a. No grupo, est\u00e3o S\u00e3o Paulo, Rio de Janeiro, Cear\u00e1, Pernambuco, Amazonas, Par\u00e1, Maranh\u00e3o, Bahia, Esp\u00edrito Santo, Minas Gerais, Paran\u00e1 e Para\u00edba. Juntos, esses estados somam 8,5 mil mortes, ou seja, 92% dos \u00f3bitos no Brasil.<\/p>\n<p>Fonte: Minist\u00e9rio da Sa\u00fade<\/p>\n","protected":false},"excerpt":{"rendered":"<p>Total de recuperados s\u00e3o 55.350. A taxa de letalidade est\u00e1 em 6,8% O Minist\u00e9rio da Sa\u00fade anunciou que o Brasil chegou a 135.106 casos do&#8230;<\/p>\n","protected":false},"author":1182,"featured_media":28629,"comment_status":"closed","ping_status":"closed","sticky":false,"template":"","format":"standard","meta":{"footnotes":""},"categories":[6],"tags":[61,2778,2932,2752,2751,1283,2933,2934,1005,834],"class_list":["post-29103","post","type-post","status-publish","format-standard","has-post-thumbnail","hentry","category-noticias","tag-brasil","tag-casos","tag-conformados","tag-coronavirus","tag-covid-19","tag-estados","tag-letalidade","tag-lockdown","tag-mortes","tag-taxa"],"_links":{"self":[{"href":"https:\/\/www.sincomam.org.br\/index.php\/wp-json\/wp\/v2\/posts\/29103","targetHints":{"allow":["GET"]}}],"collection":[{"href":"https:\/\/www.sincomam.org.br\/index.php\/wp-json\/wp\/v2\/posts"}],"about":[{"href":"https:\/\/www.sincomam.org.br\/index.php\/wp-json\/wp\/v2\/types\/post"}],"author":[{"embeddable":true,"href":"https:\/\/www.sincomam.org.br\/index.php\/wp-json\/wp\/v2\/users\/1182"}],"replies":[{"embeddable":true,"href":"https:\/\/www.sincomam.org.br\/index.php\/wp-json\/wp\/v2\/comments?post=29103"}],"version-history":[{"count":3,"href":"https:\/\/www.sincomam.org.br\/index.php\/wp-json\/wp\/v2\/posts\/29103\/revisions"}],"predecessor-version":[{"id":29108,"href":"https:\/\/www.sincomam.org.br\/index.php\/wp-json\/wp\/v2\/posts\/29103\/revisions\/29108"}],"wp:featuredmedia":[{"embeddable":true,"href":"https:\/\/www.sincomam.org.br\/index.php\/wp-json\/wp\/v2\/media\/28629"}],"wp:attachment":[{"href":"https:\/\/www.sincomam.org.br\/index.php\/wp-json\/wp\/v2\/media?parent=29103"}],"wp:term":[{"taxonomy":"category","embeddable":true,"href":"https:\/\/www.sincomam.org.br\/index.php\/wp-json\/wp\/v2\/categories?post=29103"},{"taxonomy":"post_tag","embeddable":true,"href":"https:\/\/www.sincomam.org.br\/index.php\/wp-json\/wp\/v2\/tags?post=29103"}],"curies":[{"name":"wp","href":"https:\/\/api.w.org\/{rel}","templated":true}]}}