{"id":29095,"date":"2020-05-08T12:17:58","date_gmt":"2020-05-08T15:17:58","guid":{"rendered":"http:\/\/www.sincomam.org.br\/?p=29095"},"modified":"2020-05-08T12:27:44","modified_gmt":"2020-05-08T15:27:44","slug":"com-mais-de-800-casos-de-covid-19-petrobras-pode-enfrentar-acao-do-mpt","status":"publish","type":"post","link":"https:\/\/www.sincomam.org.br\/index.php\/com-mais-de-800-casos-de-covid-19-petrobras-pode-enfrentar-acao-do-mpt\/","title":{"rendered":"Com mais de 800 casos de Covid-19, Petrobras pode enfrentar a\u00e7\u00e3o do MPT"},"content":{"rendered":"<p><strong><em>Cresce o n\u00famero de trabalhadores infectados por coronav\u00edrus; 1.642 poss\u00edveis casos aguardam an\u00e1lise do Minist\u00e9rio P\u00fablico do Trabalho<\/em><\/strong><\/p>\n<p>Trabalhadores em plataformas e refinarias da Petrobras est\u00e3o sendo monitorados diariamente para casos suspeitos do coronav\u00edrus, informou a companhia. Segundo o Minist\u00e9rio de Minas e Energia, s\u00e3o mais de 800 petroleiros pr\u00f3prios da empresa e terceirizados contaminados e ainda restam 1.642 casos, que est\u00e3o sendo investigados. As informa\u00e7\u00f5es s\u00e3o do jornal O Estado de S. Paulo.<\/p>\n<p>O n\u00famero de trabalhadores confirmados positivos para a doen\u00e7a supera o total de casos anunciados pelo Minist\u00e9rio da Sa\u00fade em tr\u00eas Estados &#8211; Mato Grosso (365), Mato Grosso do Sul (283) e Tocantins (303). Os dados sendo analisados pelo Minist\u00e9rio P\u00fablico do Trabalho (MPT).<\/p>\n<p>&#8220;Temos algumas investiga\u00e7\u00f5es em andamento em rela\u00e7\u00e3o \u00e0s empresas afretadas (empresas contratadas pela estatal para operar as plataformas) para que elas apliquem os mesmos procedimentos adotados pela estatal. Se a gente n\u00e3o conseguir, numa eventual a\u00e7\u00e3o judicial, a Petrobr\u00e1s tamb\u00e9m tem de ser responsabilizada, porque ela \u00e9 a concession\u00e1ria (do campo)&#8221;, disse a coordenadora nacional do Trabalho Portu\u00e1rio e Aquavi\u00e1rio do MPT, Fl\u00e1via Baule.<\/p>\n<p>A aglomera\u00e7\u00e3o e o confinamento do trabalho nas plataformas de petr\u00f3leo, naturalmente, facilitam a dissemina\u00e7\u00e3o da covid-19 entre os trabalhadores, de acordo com especialistas. A maior parte da contamina\u00e7\u00e3o acontece no Rio de Janeiro, na Bacia de Campos. S\u00e3o 620 casos confirmados no Estado, segundo o Minist\u00e9rio.<\/p>\n<p>De acordo com o diretor da Federa\u00e7\u00e3o \u00danica dos Petroleiros (FUP), Deyvid Bacelar, os &#8220;trabalhadores do Sistema Petrobr\u00e1s n\u00e3o se sentem seguros, desde a hora que t\u00eam de pegar o transporte at\u00e9 o trabalho nas unidades operacionais para garantir servi\u00e7os essenciais \u00e0 popula\u00e7\u00e3o&#8221;.<\/p>\n<p>A Petrobras informa que j\u00e1 realizou cerca de 6,3 mil testes para covid-19 entre seus empregados, prestadores de servi\u00e7os e contactantes de casos suspeitos. Desse total, cerca de 4 mil foram testes r\u00e1pidos.<\/p>\n<p><em><strong>Leia tamb\u00e9m: <a href=\"https:\/\/www.sincomam.org.br\/index.php\/petrobras-ja-realizou-mais-de-6-mil-testes-para-covid-19\/\">Petrobras j\u00e1 realizou mais de 6 mil testes para coronav\u00edrus<\/a><\/strong><\/em><\/p>\n<p><strong>Medidas de conten\u00e7\u00e3o<\/strong><\/p>\n<p>Buscando conter o avan\u00e7o da pandemia, a Petrobras adotou medidas de preven\u00e7\u00e3o em mar\u00e7o. A principal delas foi a medi\u00e7\u00e3o de temperatura e anamnese, feita por uma equipe de sa\u00fade da empresa, de quem embarcava para as unidades mar\u00edtimas. Em seguida, alterou a rotina nas embarca\u00e7\u00f5es. A escala de trabalho passou de 14 para 21 dias consecutivos. O contingente embarcado foi reduzido \u00e0 metade. A Petrobras tamb\u00e9m investiu na estrat\u00e9gia de testagem e na companhia s\u00e3o feitos cerca de 40 testes por grupo de mil pessoas.<\/p>\n<p><strong><em>Leia tamb\u00e9m: <a href=\"https:\/\/www.sincomam.org.br\/index.php\/petrobras-adota-ampla-testagem-e-medidas-rigorosas-de-prevencao-a-covid-19\/\">Petrobras adota ampla testagem e medidas rigorosas de preven\u00e7\u00e3o \u00e0 Covid-19<\/a><\/em><\/strong><\/p>\n<p>Fonte: Estad\u00e3o<\/p>\n","protected":false},"excerpt":{"rendered":"<p>Cresce o n\u00famero de trabalhadores infectados por coronav\u00edrus; 1.642 poss\u00edveis casos aguardam an\u00e1lise do Minist\u00e9rio P\u00fablico do Trabalho Trabalhadores em plataformas e refinarias da Petrobras&#8230;<\/p>\n","protected":false},"author":1182,"featured_media":6396,"comment_status":"closed","ping_status":"closed","sticky":false,"template":"","format":"standard","meta":{"footnotes":""},"categories":[6],"tags":[606,2778,2752,1150,1252,58,1652,2931,246,1140],"class_list":["post-29095","post","type-post","status-publish","format-standard","has-post-thumbnail","hentry","category-noticias","tag-acao","tag-casos","tag-coronavirus","tag-medidas","tag-mpt","tag-petrobras","tag-plataformas","tag-prevencao","tag-refinarias","tag-trabalhadores"],"_links":{"self":[{"href":"https:\/\/www.sincomam.org.br\/index.php\/wp-json\/wp\/v2\/posts\/29095","targetHints":{"allow":["GET"]}}],"collection":[{"href":"https:\/\/www.sincomam.org.br\/index.php\/wp-json\/wp\/v2\/posts"}],"about":[{"href":"https:\/\/www.sincomam.org.br\/index.php\/wp-json\/wp\/v2\/types\/post"}],"author":[{"embeddable":true,"href":"https:\/\/www.sincomam.org.br\/index.php\/wp-json\/wp\/v2\/users\/1182"}],"replies":[{"embeddable":true,"href":"https:\/\/www.sincomam.org.br\/index.php\/wp-json\/wp\/v2\/comments?post=29095"}],"version-history":[{"count":6,"href":"https:\/\/www.sincomam.org.br\/index.php\/wp-json\/wp\/v2\/posts\/29095\/revisions"}],"predecessor-version":[{"id":29102,"href":"https:\/\/www.sincomam.org.br\/index.php\/wp-json\/wp\/v2\/posts\/29095\/revisions\/29102"}],"wp:featuredmedia":[{"embeddable":true,"href":"https:\/\/www.sincomam.org.br\/index.php\/wp-json\/wp\/v2\/media\/6396"}],"wp:attachment":[{"href":"https:\/\/www.sincomam.org.br\/index.php\/wp-json\/wp\/v2\/media?parent=29095"}],"wp:term":[{"taxonomy":"category","embeddable":true,"href":"https:\/\/www.sincomam.org.br\/index.php\/wp-json\/wp\/v2\/categories?post=29095"},{"taxonomy":"post_tag","embeddable":true,"href":"https:\/\/www.sincomam.org.br\/index.php\/wp-json\/wp\/v2\/tags?post=29095"}],"curies":[{"name":"wp","href":"https:\/\/api.w.org\/{rel}","templated":true}]}}