{"id":29075,"date":"2020-05-08T09:05:47","date_gmt":"2020-05-08T12:05:47","guid":{"rendered":"http:\/\/www.sincomam.org.br\/?p=29075"},"modified":"2020-05-07T11:08:16","modified_gmt":"2020-05-07T14:08:16","slug":"plano-petros-e-detalhado-pela-petrobras","status":"publish","type":"post","link":"https:\/\/www.sincomam.org.br\/index.php\/plano-petros-e-detalhado-pela-petrobras\/","title":{"rendered":"Plano Petros \u00e9 detalhado pela Petrobras"},"content":{"rendered":"<p>A Petrobras, em continuidade ao comunicado divulgado em 10 de mar\u00e7o de 2020, referente ao Novo Plano de Equacionamento de D\u00e9ficit (Novo PED) dos planos Petros do Sistema Petrobras Repactuados e N\u00e3o Repactuados (PPSP-R e PPSP-NR), informa que obteve a sua aprova\u00e7\u00e3o pela Secretaria de Coordena\u00e7\u00e3o e Governan\u00e7a das Empresas Estatais (SEST) e pela Superintend\u00eancia Nacional de Previd\u00eancia Complementar (PREVIC).<\/p>\n<p>A operacionaliza\u00e7\u00e3o do Novo PED ocorrer\u00e1 a partir de junho de 2020 e o valor de responsabilidade da Petrobras ser\u00e1 arcado por meio de contribui\u00e7\u00f5es extraordin\u00e1rias ao longo da exist\u00eancia dos planos, no montante estimado de R$ 13,6 bilh\u00f5es. Adicionalmente, o pagamento referente ao benef\u00edcio de pec\u00falio, inicialmente previsto para ser uma contribui\u00e7\u00e3o \u00e0 vista, no valor de R$ 2,02 bilh\u00f5es, ser\u00e1 postergado e parcelado, conforme orienta\u00e7\u00e3o contida no parecer da SEST e de acordo com as a\u00e7\u00f5es da Petrobras para refor\u00e7ar sua resili\u00eancia, tendo em vista a preserva\u00e7\u00e3o do caixa da companhia neste momento. Como determinado pela SEST, o Termo de Ajustamento de Conduta (TAC) que consolidar\u00e1 os termos definidos no Novo PED est\u00e1 em tr\u00e2mite final na PREVIC.<\/p>\n<p>O novo modelo \u00e9 um marco na hist\u00f3ria desses planos, ao reduzir o impacto financeiro das contribui\u00e7\u00f5es extraordin\u00e1rias de grande parte dos participantes e assistidos assim como o aprimoramento dos regulamentos dos planos, o que permitir\u00e1 a revis\u00e3o das contribui\u00e7\u00f5es normais.<\/p>\n<p>Juntamente com a aprova\u00e7\u00e3o, a SEST e PREVIC solicitaram alguns ajustes no regulamento do Novo PED que ser\u00e3o implementadas no prazo de 360 dias.<\/p>\n","protected":false},"excerpt":{"rendered":"<p>A Petrobras, em continuidade ao comunicado divulgado em 10 de mar\u00e7o de 2020, referente ao Novo Plano de Equacionamento de D\u00e9ficit (Novo PED) dos planos&#8230;<\/p>\n","protected":false},"author":1182,"featured_media":28309,"comment_status":"closed","ping_status":"closed","sticky":false,"template":"","format":"standard","meta":{"footnotes":""},"categories":[6],"tags":[58,2248,2766],"class_list":["post-29075","post","type-post","status-publish","format-standard","has-post-thumbnail","hentry","category-noticias","tag-petrobras","tag-petros","tag-plano"],"_links":{"self":[{"href":"https:\/\/www.sincomam.org.br\/index.php\/wp-json\/wp\/v2\/posts\/29075","targetHints":{"allow":["GET"]}}],"collection":[{"href":"https:\/\/www.sincomam.org.br\/index.php\/wp-json\/wp\/v2\/posts"}],"about":[{"href":"https:\/\/www.sincomam.org.br\/index.php\/wp-json\/wp\/v2\/types\/post"}],"author":[{"embeddable":true,"href":"https:\/\/www.sincomam.org.br\/index.php\/wp-json\/wp\/v2\/users\/1182"}],"replies":[{"embeddable":true,"href":"https:\/\/www.sincomam.org.br\/index.php\/wp-json\/wp\/v2\/comments?post=29075"}],"version-history":[{"count":1,"href":"https:\/\/www.sincomam.org.br\/index.php\/wp-json\/wp\/v2\/posts\/29075\/revisions"}],"predecessor-version":[{"id":29076,"href":"https:\/\/www.sincomam.org.br\/index.php\/wp-json\/wp\/v2\/posts\/29075\/revisions\/29076"}],"wp:featuredmedia":[{"embeddable":true,"href":"https:\/\/www.sincomam.org.br\/index.php\/wp-json\/wp\/v2\/media\/28309"}],"wp:attachment":[{"href":"https:\/\/www.sincomam.org.br\/index.php\/wp-json\/wp\/v2\/media?parent=29075"}],"wp:term":[{"taxonomy":"category","embeddable":true,"href":"https:\/\/www.sincomam.org.br\/index.php\/wp-json\/wp\/v2\/categories?post=29075"},{"taxonomy":"post_tag","embeddable":true,"href":"https:\/\/www.sincomam.org.br\/index.php\/wp-json\/wp\/v2\/tags?post=29075"}],"curies":[{"name":"wp","href":"https:\/\/api.w.org\/{rel}","templated":true}]}}