{"id":29007,"date":"2020-05-05T12:47:13","date_gmt":"2020-05-05T15:47:13","guid":{"rendered":"http:\/\/www.sincomam.org.br\/?p=29007"},"modified":"2020-05-05T12:59:41","modified_gmt":"2020-05-05T15:59:41","slug":"comandante-da-aeronautica-apresenta-a-fiesp-acoes-da-fab-no-combate-a-covid-19","status":"publish","type":"post","link":"https:\/\/www.sincomam.org.br\/index.php\/comandante-da-aeronautica-apresenta-a-fiesp-acoes-da-fab-no-combate-a-covid-19\/","title":{"rendered":"Comandante da Aeron\u00e1utica apresenta a\u00e7\u00f5es da FAB no combate \u00e0 COVID-19"},"content":{"rendered":"<p><strong><em>As atividades realizadas foram explanadas por meio de videoconfer\u00eancia entre o Comandante e a equipe da FIESP<\/em><\/strong><\/p>\n<p>O Comandante da Aeron\u00e1utica, Tenente-Brigadeiro do Ar Antonio Carlos Moretti Bermudez, participou, na tarde desta segunda-feira (04\/05), de uma videoconfer\u00eancia organizada pelo Departamento de Defesa e Seguran\u00e7a (DESEG) da Federa\u00e7\u00e3o das Ind\u00fastrias do Estado de S\u00e3o Paulo (FIESP) e pelo Sindicato Nacional das Ind\u00fastrias de Materiais de Defesa (SIMDE). O objetivo foi apresentar as principais a\u00e7\u00f5es da For\u00e7a A\u00e9rea Brasileira (FAB) no enfrentamento ao novo Coronav\u00edrus, na Opera\u00e7\u00e3o COVID-19.<\/p>\n<p>O evento on-line foi coordenado pelo Diretor Titular do DESEG e Presidente do SIMDE, Carlos Erane de Aguiar, e contou com a participa\u00e7\u00e3o do Comandante-Geral de Apoio da Aeron\u00e1utica (COMGAP), Tenente-Brigadeiro do Ar Carlos de Almeida Baptista Junior; do Diretor-Geral do Departamento de Ci\u00eancia e Tecnologia Aeroespacial (DCTA), Major-Brigadeiro do Ar Hudson Costa Potiguara; do Diretor do Departamento de Produtos de Defesa (DEPROD), representando a Secretaria de Produtos de Defesa (SEPROD), Major-Brigadeiro do Ar Alcides Teixeira Barbacovi; do Vice-Presidente da FIESP e Diretor Titular Adjunto do DESEG, Dagmar Oswaldo Cupaiolo; de Oficiais-Generais da Marinha do Brasil, do Ex\u00e9rcito Brasileiro e da For\u00e7a A\u00e9rea Brasileira; de representantes do Comit\u00ea da Ind\u00fastria de Defesa de Santa Catarina (COMDEFESA) e das empresas associadas; dos profissionais da base industrial de defesa e de autoridades militares e de seguran\u00e7a p\u00fablica.<\/p>\n<p>Ao explanar sobre as a\u00e7\u00f5es desenvolvidas, o Comandante destacou o emprego de aeronaves no Apoio A\u00e9reo Log\u00edstico, transportando Equipamentos de Prote\u00e7\u00e3o Individual (EPIs), insumos e respiradores para diversos Estados; o apoio ao homem, com iniciativas voltadas ao atendimento interno, como a cria\u00e7\u00e3o de um canal de escuta, acolhimento e suporte psicol\u00f3gico aos profissionais da \u00e1rea de sa\u00fade da Aeron\u00e1utica que est\u00e3o na linha de frente do combate \u00e0 COVID-19; e o apoio direto \u00e0 sociedade, como doa\u00e7\u00e3o de alimentos, cestas b\u00e1sicas, implanta\u00e7\u00e3o de Hospital de Campanha (HCAMP) em Santos e doa\u00e7\u00e3o de sangue, entre outras.<\/p>\n<p><strong>Opera\u00e7\u00e3o COVID-19<\/strong><\/p>\n<p>O Minist\u00e9rio da Defesa ativou, em 20 de mar\u00e7o, o Centro de Opera\u00e7\u00f5es Conjuntas (COC) para atuar na coordena\u00e7\u00e3o e no planejamento do emprego das For\u00e7as Armadas (Marinha, Ex\u00e9rcito e Aeron\u00e1utica) no combate \u00e0 COVID-19. Nesse contexto, foram ativados dez Comandos Conjuntos que cobrem todo o territ\u00f3rio nacional, al\u00e9m do Comando de Opera\u00e7\u00f5es Aeroespaciais (COMAE), de funcionamento permanente. A iniciativa integra o esfor\u00e7o do governo federal no enfrentamento \u00e0 pandemia e recebeu o nome de Opera\u00e7\u00e3o COVID-19.<\/p>\n<p>Fonte: Ag\u00eancia For\u00e7a A\u00e9rea, Tenente Let\u00edcia Faria \/ Foto: FAB-Johnson Barros<\/p>\n","protected":false},"excerpt":{"rendered":"<p>As atividades realizadas foram explanadas por meio de videoconfer\u00eancia entre o Comandante e a equipe da FIESP O Comandante da Aeron\u00e1utica, Tenente-Brigadeiro do Ar Antonio&#8230;<\/p>\n","protected":false},"author":1182,"featured_media":29014,"comment_status":"closed","ping_status":"closed","sticky":false,"template":"","format":"standard","meta":{"footnotes":""},"categories":[6],"tags":[2909,1168,2751,2908,1246],"class_list":["post-29007","post","type-post","status-publish","format-standard","has-post-thumbnail","hentry","category-noticias","tag-aeronautica","tag-comandante","tag-covid-19","tag-fab","tag-fiesp"],"_links":{"self":[{"href":"https:\/\/www.sincomam.org.br\/index.php\/wp-json\/wp\/v2\/posts\/29007","targetHints":{"allow":["GET"]}}],"collection":[{"href":"https:\/\/www.sincomam.org.br\/index.php\/wp-json\/wp\/v2\/posts"}],"about":[{"href":"https:\/\/www.sincomam.org.br\/index.php\/wp-json\/wp\/v2\/types\/post"}],"author":[{"embeddable":true,"href":"https:\/\/www.sincomam.org.br\/index.php\/wp-json\/wp\/v2\/users\/1182"}],"replies":[{"embeddable":true,"href":"https:\/\/www.sincomam.org.br\/index.php\/wp-json\/wp\/v2\/comments?post=29007"}],"version-history":[{"count":3,"href":"https:\/\/www.sincomam.org.br\/index.php\/wp-json\/wp\/v2\/posts\/29007\/revisions"}],"predecessor-version":[{"id":29015,"href":"https:\/\/www.sincomam.org.br\/index.php\/wp-json\/wp\/v2\/posts\/29007\/revisions\/29015"}],"wp:featuredmedia":[{"embeddable":true,"href":"https:\/\/www.sincomam.org.br\/index.php\/wp-json\/wp\/v2\/media\/29014"}],"wp:attachment":[{"href":"https:\/\/www.sincomam.org.br\/index.php\/wp-json\/wp\/v2\/media?parent=29007"}],"wp:term":[{"taxonomy":"category","embeddable":true,"href":"https:\/\/www.sincomam.org.br\/index.php\/wp-json\/wp\/v2\/categories?post=29007"},{"taxonomy":"post_tag","embeddable":true,"href":"https:\/\/www.sincomam.org.br\/index.php\/wp-json\/wp\/v2\/tags?post=29007"}],"curies":[{"name":"wp","href":"https:\/\/api.w.org\/{rel}","templated":true}]}}