{"id":29005,"date":"2020-05-06T09:36:03","date_gmt":"2020-05-06T12:36:03","guid":{"rendered":"http:\/\/www.sincomam.org.br\/?p=29005"},"modified":"2020-05-06T16:51:51","modified_gmt":"2020-05-06T19:51:51","slug":"producao-industrial-cai-91-em-marco-diz-ibge","status":"publish","type":"post","link":"https:\/\/www.sincomam.org.br\/index.php\/producao-industrial-cai-91-em-marco-diz-ibge\/","title":{"rendered":"Produ\u00e7\u00e3o industrial cai 9,1% em mar\u00e7o, diz IBGE"},"content":{"rendered":"<p><strong><em>Esse foi o maior recuo desde maio de 2018 (-11%). Queda foi provocada pela pandemia do novo coronav\u00edrus<\/em><\/strong><\/p>\n<p>A produ\u00e7\u00e3o industrial brasileira teve uma queda de 9,1% na passagem de fevereiro para mar\u00e7o deste ano. Esse foi o maior recuo desde maio de 2018 (-11%) e o pior m\u00eas de mar\u00e7o desde 2002. Segundo o Instituto Brasileiro de Geografia e Estat\u00edstica (IBGE), o resultado \u00e9 reflexo das medidas de isolamento social provocadas pela pandemia de covid-19.<\/p>\n<p>Na compara\u00e7\u00e3o com mar\u00e7o de 2019, a queda chegou a 3,8%. A ind\u00fastria acumula perdas de 2,4% na m\u00e9dia m\u00f3vel trimestral, 1,7% no ano e 1% em 12 meses.<\/p>\n<p>\u201cEsse impacto da pandemia fica evidenciado quando se compara com o m\u00eas de fevereiro, j\u00e1 que a taxa \u00e9 fortemente negativa e representa a queda mais intensa desde maio de 2018, quando houve a greve dos caminhoneiros. E n\u00e3o apenas pela magnitude da taxa, mas tamb\u00e9m pelo alargamento por diversas atividades, incluindo todas as quatro categorias econ\u00f4micas e 23 das 26 atividades pesquisadas\u201d, afirma o pesquisador do IBGE Andr\u00e9 Macedo.<\/p>\n<p>Na passagem de fevereiro para mar\u00e7o, houve quedas na produ\u00e7\u00e3o em 23 dos 26 ramos industriais pesquisados, com destaque para ve\u00edculos automotores, reboques e carrocerias (-28%), confec\u00e7\u00e3o de artigos do vestu\u00e1rio e acess\u00f3rios (-37,8%), bebidas (-19,4%), couro, artigos para viagem e cal\u00e7ados (-31,5%) e produtos de borracha e de material pl\u00e1stico (-12,5%).<\/p>\n<p>Por outro lado, tr\u00eas atividades tiveram alta na produ\u00e7\u00e3o: impress\u00e3o e reprodu\u00e7\u00e3o de grava\u00e7\u00f5es (8,4%), perfumaria, sab\u00f5es, produtos de limpeza e de higiene pessoal (0,7%) e manuten\u00e7\u00e3o, repara\u00e7\u00e3o e instala\u00e7\u00e3o de m\u00e1quinas e equipamentos (0,3%).<\/p>\n<p>Entre as quatro grandes categorias econ\u00f4micas da ind\u00fastria, a principal queda ficou com bens de consumo dur\u00e1veis (-23,5%). As demais categorias tiveram as seguintes taxas de queda: Os setores de bens de capital, isto \u00e9, m\u00e1quinas e equipamentos usados no setor produtivo (-15,2%), bens de consumo semi e n\u00e3o-dur\u00e1veis (-12%) e bens intermedi\u00e1rios, isto \u00e9, insumos industrializados usados no setor produtivo (-3,8%).<\/p>\n<p>Fonte: Ag\u00eancia Brasil<\/p>\n","protected":false},"excerpt":{"rendered":"<p>Esse foi o maior recuo desde maio de 2018 (-11%). Queda foi provocada pela pandemia do novo coronav\u00edrus A produ\u00e7\u00e3o industrial brasileira teve uma queda&#8230;<\/p>\n","protected":false},"author":1182,"featured_media":8172,"comment_status":"closed","ping_status":"closed","sticky":false,"template":"","format":"standard","meta":{"footnotes":""},"categories":[6],"tags":[2752,1848,505,704,76,1051],"class_list":["post-29005","post","type-post","status-publish","format-standard","has-post-thumbnail","hentry","category-noticias","tag-coronavirus","tag-ibge","tag-industrial","tag-marco","tag-producao","tag-queda"],"_links":{"self":[{"href":"https:\/\/www.sincomam.org.br\/index.php\/wp-json\/wp\/v2\/posts\/29005","targetHints":{"allow":["GET"]}}],"collection":[{"href":"https:\/\/www.sincomam.org.br\/index.php\/wp-json\/wp\/v2\/posts"}],"about":[{"href":"https:\/\/www.sincomam.org.br\/index.php\/wp-json\/wp\/v2\/types\/post"}],"author":[{"embeddable":true,"href":"https:\/\/www.sincomam.org.br\/index.php\/wp-json\/wp\/v2\/users\/1182"}],"replies":[{"embeddable":true,"href":"https:\/\/www.sincomam.org.br\/index.php\/wp-json\/wp\/v2\/comments?post=29005"}],"version-history":[{"count":1,"href":"https:\/\/www.sincomam.org.br\/index.php\/wp-json\/wp\/v2\/posts\/29005\/revisions"}],"predecessor-version":[{"id":29006,"href":"https:\/\/www.sincomam.org.br\/index.php\/wp-json\/wp\/v2\/posts\/29005\/revisions\/29006"}],"wp:featuredmedia":[{"embeddable":true,"href":"https:\/\/www.sincomam.org.br\/index.php\/wp-json\/wp\/v2\/media\/8172"}],"wp:attachment":[{"href":"https:\/\/www.sincomam.org.br\/index.php\/wp-json\/wp\/v2\/media?parent=29005"}],"wp:term":[{"taxonomy":"category","embeddable":true,"href":"https:\/\/www.sincomam.org.br\/index.php\/wp-json\/wp\/v2\/categories?post=29005"},{"taxonomy":"post_tag","embeddable":true,"href":"https:\/\/www.sincomam.org.br\/index.php\/wp-json\/wp\/v2\/tags?post=29005"}],"curies":[{"name":"wp","href":"https:\/\/api.w.org\/{rel}","templated":true}]}}