{"id":28998,"date":"2020-05-05T12:14:01","date_gmt":"2020-05-05T15:14:01","guid":{"rendered":"http:\/\/www.sincomam.org.br\/?p=28998"},"modified":"2020-05-05T12:19:14","modified_gmt":"2020-05-05T15:19:14","slug":"ministerio-da-saude-atualiza-a-situacao-do-coronavirus-no-brasil","status":"publish","type":"post","link":"https:\/\/www.sincomam.org.br\/index.php\/ministerio-da-saude-atualiza-a-situacao-do-coronavirus-no-brasil\/","title":{"rendered":"Minist\u00e9rio da Sa\u00fade atualiza a situa\u00e7\u00e3o do coronavirus no Brasil"},"content":{"rendered":"<p><strong><em>Com os novos n\u00fameros, o pa\u00eds tem agora 107.780 casos da covid-19 e 7.321 mortes <\/em><\/strong><\/p>\n<p>O Minist\u00e9rio da Sa\u00fade registrou 107.780 casos do coronav\u00edrus no Brasil at\u00e9 ontem (4), \u00e0s 20h. Ao todo, s\u00e3o 7.321 mortes confirmadas at\u00e9 o momento. A taxa de letalidade por coronav\u00edrus, atualmente, \u00e9 de 6,8%. Os dados desta ter\u00e7a-feira (5) devem ser divulgados ao final do dia. As informa\u00e7\u00f5es foram repassadas pelas Secretarias Estaduais de Sa\u00fade.<a href=\"https:\/\/www.sincomam.org.br\/infografico-covid-19\/\"><img fetchpriority=\"high\" decoding=\"async\" class=\" wp-image-28999 alignleft\" src=\"https:\/\/www.sincomam.org.br\/wp-content\/uploads\/2020\/05\/infogr\u00e1fico-covid-19.jpg\" alt=\"\" width=\"577\" height=\"325\" srcset=\"https:\/\/www.sincomam.org.br\/wp-content\/uploads\/2020\/05\/infogr\u00e1fico-covid-19.jpg 680w, https:\/\/www.sincomam.org.br\/wp-content\/uploads\/2020\/05\/infogr\u00e1fico-covid-19-300x169.jpg 300w\" sizes=\"(max-width: 577px) 100vw, 577px\" \/><\/a><\/p>\n<p>Todos os estados brasileiros registram casos e mortes por coronav\u00edrus. S\u00e3o Paulo concentra a maior parte das notifica\u00e7\u00f5es, com 32.187 casos e 2.654 mortes. Rio de Janeiro aparece em segundo lugar, com 11.721 casos e 1065 \u00f3bitos. Outros estados que tiveram atualiza\u00e7\u00f5es em seus n\u00fameros foram o Cear\u00e1, com 11.040 casos confirmados, o Esp\u00edrito Santo, com 3.226 e a Bahia, com 3.734. O Amazonas j\u00e1 contabilizou mais de 580 mortes.<\/p>\n<p><strong>Mudan\u00e7as<\/strong><\/p>\n<p>O Minist\u00e9rio da Sa\u00fade informou que, a partir de hoje, a forma de divulga\u00e7\u00e3o da atualiza\u00e7\u00e3o de dados ocorrer\u00e1 sempre em duas etapas: a primeira \u00e0s 15 horas, com dados preliminares por unidades da federa\u00e7\u00e3o e estimativa de recuperados. \u00c0s 19h ocorre o lan\u00e7amento do boletim com dados finais de casos, \u00f3bitos e estimativa de curados.<\/p>\n<p><strong>Visita aos hospitais de Manaus<\/strong><\/p>\n<p>Nesta segunda-feira (4), o ministro da Sa\u00fade, Nelson Teich visitou hospitais na capital Manaus (AM) e se reuniu com autoridades locais para acompanhar de perto as a\u00e7\u00f5es desenvolvidas no enfrentamento \u00e0 COVID-19. Desde o in\u00edcio da pandemia no Brasil, o Minist\u00e9rio da Sa\u00fade destinou R$ 68,8 milh\u00f5es ao estado para o fortalecimento da rede hospitalar e de vigil\u00e2ncia, al\u00e9m do envio de 1,5 milh\u00e3o de Equipamentos de Prote\u00e7\u00e3o Individual (EPIs) e de 90 respiradores.<\/p>\n<p><strong>Grupo de risco<\/strong><\/p>\n<p>Pessoas acima de 60 anos se enquadram no grupo de risco, mesmo que n\u00e3o tenham nenhum problema de sa\u00fade associado. Al\u00e9m disso, pessoas de qualquer idade que tenham doen\u00e7as pr\u00e9-existentes, como cardiopatia, diabetes, pneumopatia, doen\u00e7a neurol\u00f3gica ou renal, imunodepress\u00e3o, obesidade, asma, entre outras, tamb\u00e9m precisam redobrar os cuidados nas medidas de preven\u00e7\u00e3o ao coronav\u00edrus.<\/p>\n<p>Fonte: Minist\u00e9rio da Sa\u00fade<\/p>\n","protected":false},"excerpt":{"rendered":"<p>Com os novos n\u00fameros, o pa\u00eds tem agora 107.780 casos da covid-19 e 7.321 mortes O Minist\u00e9rio da Sa\u00fade registrou 107.780 casos do coronav\u00edrus no&#8230;<\/p>\n","protected":false},"author":1182,"featured_media":28525,"comment_status":"closed","ping_status":"closed","sticky":false,"template":"","format":"standard","meta":{"footnotes":""},"categories":[6],"tags":[248,153,2778,175,2800,2752,2831,989,474,378,1005,2907,59,366,519,373],"class_list":["post-28998","post","type-post","status-publish","format-standard","has-post-thumbnail","hentry","category-noticias","tag-amazonas","tag-bahia","tag-casos","tag-ceara","tag-confirmados","tag-coronavirus","tag-dados","tag-hospitais","tag-manaus","tag-ministerio","tag-mortes","tag-nelson-teich","tag-rio-de-janeiro","tag-sao-paulo","tag-saude","tag-visita"],"_links":{"self":[{"href":"https:\/\/www.sincomam.org.br\/index.php\/wp-json\/wp\/v2\/posts\/28998","targetHints":{"allow":["GET"]}}],"collection":[{"href":"https:\/\/www.sincomam.org.br\/index.php\/wp-json\/wp\/v2\/posts"}],"about":[{"href":"https:\/\/www.sincomam.org.br\/index.php\/wp-json\/wp\/v2\/types\/post"}],"author":[{"embeddable":true,"href":"https:\/\/www.sincomam.org.br\/index.php\/wp-json\/wp\/v2\/users\/1182"}],"replies":[{"embeddable":true,"href":"https:\/\/www.sincomam.org.br\/index.php\/wp-json\/wp\/v2\/comments?post=28998"}],"version-history":[{"count":3,"href":"https:\/\/www.sincomam.org.br\/index.php\/wp-json\/wp\/v2\/posts\/28998\/revisions"}],"predecessor-version":[{"id":29002,"href":"https:\/\/www.sincomam.org.br\/index.php\/wp-json\/wp\/v2\/posts\/28998\/revisions\/29002"}],"wp:featuredmedia":[{"embeddable":true,"href":"https:\/\/www.sincomam.org.br\/index.php\/wp-json\/wp\/v2\/media\/28525"}],"wp:attachment":[{"href":"https:\/\/www.sincomam.org.br\/index.php\/wp-json\/wp\/v2\/media?parent=28998"}],"wp:term":[{"taxonomy":"category","embeddable":true,"href":"https:\/\/www.sincomam.org.br\/index.php\/wp-json\/wp\/v2\/categories?post=28998"},{"taxonomy":"post_tag","embeddable":true,"href":"https:\/\/www.sincomam.org.br\/index.php\/wp-json\/wp\/v2\/tags?post=28998"}],"curies":[{"name":"wp","href":"https:\/\/api.w.org\/{rel}","templated":true}]}}