{"id":28961,"date":"2020-05-04T11:44:46","date_gmt":"2020-05-04T14:44:46","guid":{"rendered":"http:\/\/www.sincomam.org.br\/?p=28961"},"modified":"2020-05-04T11:44:46","modified_gmt":"2020-05-04T14:44:46","slug":"caixa-abre-duas-horas-mais-cedo-a-partir-desta-segunda-feira-4","status":"publish","type":"post","link":"https:\/\/www.sincomam.org.br\/index.php\/caixa-abre-duas-horas-mais-cedo-a-partir-desta-segunda-feira-4\/","title":{"rendered":"Caixa abre duas horas mais cedo a partir desta segunda-feira (4)"},"content":{"rendered":"<p><strong><em>Atendimento em todas as ag\u00eancias do pa\u00eds ser\u00e1 realizado das 8 \u00e0s 14 horas. Pr\u00f3ximo s\u00e1bado (9), banco abrir\u00e1 pela manh\u00e3 para atender \u00e0 popula\u00e7\u00e3o<\/em><\/strong><\/p>\n<p>Com a mudan\u00e7a &#8211; pensada para agilizar o atendimento e evitar grandes filas e aglomera\u00e7\u00e3o de pessoas aptas a receber o aux\u00edlio emergencial de R$ 600 &#8211; as unidades passar\u00e3o a funcionar de 8h \u00e0s 14h. Desde 22 de abril, 1.102 ag\u00eancias j\u00e1 vinham funcionando nesse hor\u00e1rio.<\/p>\n<p>O banco tamb\u00e9m anunciou, a partir desta segunda-feira (4), um refor\u00e7o no n\u00famero de vigilantes nas ag\u00eancias. Ser\u00e3o mais 2.800 que v\u00e3o se juntar aos 2 mil que j\u00e1 estavam atuando. Al\u00e9m deles, outras 389 recepcionistas v\u00e3o refor\u00e7ar orienta\u00e7\u00e3o e atendimento ao p\u00fablico.<\/p>\n<p>Segundo o presidente da Caixa, Pedro Guimar\u00e3es, as filas nas ag\u00eancias do banco ocorrem porque os benefici\u00e1rios do Bolsa-Fam\u00edlia e os informais sem conta demandam atendimento pessoal. No pr\u00f3ximo s\u00e1bado (9) 1,4 mil ag\u00eancias v\u00e3o abrir para realiza\u00e7\u00e3o do saque do aux\u00edlio emergencial, ser\u00e3o 498 a mais que nesse s\u00e1bado (2), quando 902 atenderam a popula\u00e7\u00e3o.<\/p>\n<p><strong>Segunda parcela <\/strong><\/p>\n<p>Para que se evite filas, o pagamento da segunda parcela do benef\u00edcio, deste m\u00eas, ser\u00e1 reformulado e divulgado ap\u00f3s uma reuni\u00e3o com o presidente Jair Bolsonaro ainda essa semana. Antes disso uma proposta de datas ser\u00e1 discutida com os ministros da Economia, Paulo Guedes e da Cidadania, Onyx Lorenzoni.<\/p>\n<p><strong>Canais Digitais <\/strong><\/p>\n<p>A prioridade ainda \u00e9 manter o atendimento digital, por meio do cadastramento por app, site e a movimenta\u00e7\u00e3o do benef\u00edcio pelo &#8220;Caixa Tem&#8221;.<\/p>\n<p>A Caixa ressalta a import\u00e2ncia de que s\u00f3 devem ir pessoalmente \u00e0s ag\u00eancias os usu\u00e1rios que precisam realizar servi\u00e7os essenciais ou os benefici\u00e1rios que receberam o aux\u00edlio na Poupan\u00e7a Social Digital e querem receber em dinheiro.<\/p>\n<p>O banco orienta que aqueles que receberam o cr\u00e9dito por meio da &#8220;Poupan\u00e7a Digital Caixa&#8221; devem pagar boletos e contas de \u00e1gua, luz, telefone, entre outras, bem como fazer transfer\u00eancias para outros bancos por meio do aplicativo.<\/p>\n<p>Para quem busca informa\u00e7\u00f5es sobre o cadastro, os canais s\u00e3o o site auxilio.caixa.gov.br, o app Caixa | Aux\u00edlio Emergencial e a central telef\u00f4nica exclusiva 111.<\/p>\n<p>Fonte: Uol Economia<\/p>\n","protected":false},"excerpt":{"rendered":"<p>Atendimento em todas as ag\u00eancias do pa\u00eds ser\u00e1 realizado das 8 \u00e0s 14 horas. Pr\u00f3ximo s\u00e1bado (9), banco abrir\u00e1 pela manh\u00e3 para atender \u00e0 popula\u00e7\u00e3o&#8230;<\/p>\n","protected":false},"author":1182,"featured_media":4097,"comment_status":"closed","ping_status":"closed","sticky":false,"template":"","format":"standard","meta":{"footnotes":""},"categories":[6],"tags":[602,720,1757,61,390,2781,221,696],"class_list":["post-28961","post","type-post","status-publish","format-standard","has-post-thumbnail","hentry","category-noticias","tag-abertura","tag-atendimento","tag-auxilio","tag-brasil","tag-caixa","tag-coronavoucher","tag-dinheiro","tag-saque"],"_links":{"self":[{"href":"https:\/\/www.sincomam.org.br\/index.php\/wp-json\/wp\/v2\/posts\/28961","targetHints":{"allow":["GET"]}}],"collection":[{"href":"https:\/\/www.sincomam.org.br\/index.php\/wp-json\/wp\/v2\/posts"}],"about":[{"href":"https:\/\/www.sincomam.org.br\/index.php\/wp-json\/wp\/v2\/types\/post"}],"author":[{"embeddable":true,"href":"https:\/\/www.sincomam.org.br\/index.php\/wp-json\/wp\/v2\/users\/1182"}],"replies":[{"embeddable":true,"href":"https:\/\/www.sincomam.org.br\/index.php\/wp-json\/wp\/v2\/comments?post=28961"}],"version-history":[{"count":1,"href":"https:\/\/www.sincomam.org.br\/index.php\/wp-json\/wp\/v2\/posts\/28961\/revisions"}],"predecessor-version":[{"id":28962,"href":"https:\/\/www.sincomam.org.br\/index.php\/wp-json\/wp\/v2\/posts\/28961\/revisions\/28962"}],"wp:featuredmedia":[{"embeddable":true,"href":"https:\/\/www.sincomam.org.br\/index.php\/wp-json\/wp\/v2\/media\/4097"}],"wp:attachment":[{"href":"https:\/\/www.sincomam.org.br\/index.php\/wp-json\/wp\/v2\/media?parent=28961"}],"wp:term":[{"taxonomy":"category","embeddable":true,"href":"https:\/\/www.sincomam.org.br\/index.php\/wp-json\/wp\/v2\/categories?post=28961"},{"taxonomy":"post_tag","embeddable":true,"href":"https:\/\/www.sincomam.org.br\/index.php\/wp-json\/wp\/v2\/tags?post=28961"}],"curies":[{"name":"wp","href":"https:\/\/api.w.org\/{rel}","templated":true}]}}