{"id":28958,"date":"2020-05-04T11:15:37","date_gmt":"2020-05-04T14:15:37","guid":{"rendered":"http:\/\/www.sincomam.org.br\/?p=28958"},"modified":"2020-05-04T11:15:37","modified_gmt":"2020-05-04T14:15:37","slug":"tripulantes-passam-mal-e-dois-morrem-dentro-de-navio-proximo-a-costa-do-es","status":"publish","type":"post","link":"https:\/\/www.sincomam.org.br\/index.php\/tripulantes-passam-mal-e-dois-morrem-dentro-de-navio-proximo-a-costa-do-es\/","title":{"rendered":"Tripulantes passam mal e dois morrem dentro de navio pr\u00f3ximo \u00e0 costa do ES"},"content":{"rendered":"<p><strong><em>Embarca\u00e7\u00e3o saiu da Argentina e pediu socorro para a Capitania dos Portos no Esp\u00edrito Santo. Tr\u00eas tripulantes foram socorridos de helic\u00f3ptero para hospitais da Grande Vit\u00f3ria<\/em><\/strong><\/p>\n<p>Cinco tripulantes de um navio de bandeira estrangeira passaram mal nesta quinta-feira (18) e dois acabaram morrendo na embarca\u00e7\u00e3o, que passava pr\u00f3ximo \u00e0 costa do Esp\u00edrito Santo. Os outros tr\u00eas &#8211; dois ucranianos e um russo &#8211; foram socorridos por um helic\u00f3ptero da Marinha nesta manh\u00e3 e levados para hospitais da Grande Vit\u00f3ria. A suspeita \u00e9 de que eles tenham inalado um g\u00e1s t\u00f3xico. O navio mercante &#8220;AP Dubrava&#8221; tem bandeira das Ilhas Marshall e partiu de San Lorenzo, na Argentina. O destino dele \u00e9 Las Palmas, territ\u00f3rio espanhol que fica na costa africana.<\/p>\n<p>O Esp\u00edrito Santo n\u00e3o fazia parte da rota do navio, mas, depois que tripulantes passaram mal, a Ag\u00eancia Mar\u00edtima da embarca\u00e7\u00e3o solicitou socorro no final da tarde de quarta-feira (17). O navio estava a 160 milhas n\u00e1uticas da costa do Esp\u00edrito Santo (cerca de 296 quil\u00f4metros).<\/p>\n<p><strong>Socorro<\/strong><\/p>\n<p>Para o atendimento, a Marinha do Brasil enviou um helic\u00f3ptero para o local e preparou quatro ambul\u00e2ncias para a chegada dos tripulantes. Tr\u00eas deles, dois ucranianos e um russo, foram resgatados e transportados pela aeronave at\u00e9 a Capitania dos Portos, em Vit\u00f3ria.<\/p>\n<p>A Marinha ainda informou que o navio pediu aproxima\u00e7\u00e3o de Vit\u00f3ria para recompor a tripula\u00e7\u00e3o e informou que dois outros tripulantes morreram a bordo.<\/p>\n<p>Depois disso, os tripulantes foram encaminhados para hospitais da Grande Vit\u00f3ria. A suspeita \u00e9 de que tenham passado mal depois de inalarem g\u00e1s t\u00f3xico.<\/p>\n<p>Fonte: G1\/Esp\u00edrito Santo &#8211; Foto: Jo\u00e3o Borges Fortes Filho\/MarineTraffic.com<\/p>\n","protected":false},"excerpt":{"rendered":"<p>Embarca\u00e7\u00e3o saiu da Argentina e pediu socorro para a Capitania dos Portos no Esp\u00edrito Santo. Tr\u00eas tripulantes foram socorridos de helic\u00f3ptero para hospitais da Grande&#8230;<\/p>\n","protected":false},"author":1182,"featured_media":28959,"comment_status":"closed","ping_status":"closed","sticky":false,"template":"","format":"standard","meta":{"footnotes":""},"categories":[6],"tags":[311,252,2888,1756,47,635,1633],"class_list":["post-28958","post","type-post","status-publish","format-standard","has-post-thumbnail","hentry","category-noticias","tag-capitania-dos-portos","tag-espirito-santo","tag-hospital","tag-morte","tag-navio","tag-tripulantes","tag-vitoria"],"_links":{"self":[{"href":"https:\/\/www.sincomam.org.br\/index.php\/wp-json\/wp\/v2\/posts\/28958","targetHints":{"allow":["GET"]}}],"collection":[{"href":"https:\/\/www.sincomam.org.br\/index.php\/wp-json\/wp\/v2\/posts"}],"about":[{"href":"https:\/\/www.sincomam.org.br\/index.php\/wp-json\/wp\/v2\/types\/post"}],"author":[{"embeddable":true,"href":"https:\/\/www.sincomam.org.br\/index.php\/wp-json\/wp\/v2\/users\/1182"}],"replies":[{"embeddable":true,"href":"https:\/\/www.sincomam.org.br\/index.php\/wp-json\/wp\/v2\/comments?post=28958"}],"version-history":[{"count":1,"href":"https:\/\/www.sincomam.org.br\/index.php\/wp-json\/wp\/v2\/posts\/28958\/revisions"}],"predecessor-version":[{"id":28960,"href":"https:\/\/www.sincomam.org.br\/index.php\/wp-json\/wp\/v2\/posts\/28958\/revisions\/28960"}],"wp:featuredmedia":[{"embeddable":true,"href":"https:\/\/www.sincomam.org.br\/index.php\/wp-json\/wp\/v2\/media\/28959"}],"wp:attachment":[{"href":"https:\/\/www.sincomam.org.br\/index.php\/wp-json\/wp\/v2\/media?parent=28958"}],"wp:term":[{"taxonomy":"category","embeddable":true,"href":"https:\/\/www.sincomam.org.br\/index.php\/wp-json\/wp\/v2\/categories?post=28958"},{"taxonomy":"post_tag","embeddable":true,"href":"https:\/\/www.sincomam.org.br\/index.php\/wp-json\/wp\/v2\/tags?post=28958"}],"curies":[{"name":"wp","href":"https:\/\/api.w.org\/{rel}","templated":true}]}}