{"id":28932,"date":"2020-04-30T12:11:58","date_gmt":"2020-04-30T15:11:58","guid":{"rendered":"http:\/\/www.sincomam.org.br\/?p=28932"},"modified":"2020-04-30T12:11:58","modified_gmt":"2020-04-30T15:11:58","slug":"movimentacao-de-graos-deve-crescer-20-no-porto-de-paranagua","status":"publish","type":"post","link":"https:\/\/www.sincomam.org.br\/index.php\/movimentacao-de-graos-deve-crescer-20-no-porto-de-paranagua\/","title":{"rendered":"Movimenta\u00e7\u00e3o de gr\u00e3os deve crescer 20% no Porto de Paranagu\u00e1"},"content":{"rendered":"<p>A pandemia do novo coronav\u00edrus n\u00e3o prejudicou a produ\u00e7\u00e3o e exporta\u00e7\u00e3o de gr\u00e3os no Paran\u00e1. No m\u00eas de mar\u00e7o, a movimenta\u00e7\u00e3o no estado teve aumento de 21% em compara\u00e7\u00e3o com o mesmo m\u00eas de 2019. E a expectativa dos terminais que integram o Corredor de Exporta\u00e7\u00e3o do Porto de Paranagu\u00e1 \u00e9 que, no semestre, o aumento seja de 20% em rela\u00e7\u00e3o ao mesmo per\u00edodo do ano anterior.<\/p>\n<p>\u201cTivemos um forte crescimento de 28% na safra de soja neste ano no Paran\u00e1, se comparado com 2019. A produ\u00e7\u00e3o subiu de 16,5 milh\u00f5es de toneladas na safra 2018\/2019, para 20,8 milh\u00f5es de toneladas em 2019\/2020\u201d, explica Fabr\u00edcio Fumagalli, diretor do Grupo Interalli, que opera dois terminais no porto paranaense.<\/p>\n<p>Segundo ele, a previs\u00e3o de crescimento da Interalli , que opera dois terminais no porto paranaenseGr\u00e3os \u00e9 de 15% e com uma mudan\u00e7a no mix dos produtos movimentados. \u201cNo ano passado, primeiro semestre, operamos muito milho. J\u00e1 neste primeiro semestre, praticamente n\u00e3o tivemos milho, mas temos mais soja. Com isso, na matriz total, devemos crescer em torno de 15%\u201d, explica.<\/p>\n<p><strong>Fatores decisivos<\/strong><\/p>\n<p>As perspectivas positivas s\u00e3o amparadas por tr\u00eas fatores principais: a alta na produ\u00e7\u00e3o paranaense, a mudan\u00e7a favor\u00e1vel no c\u00e2mbio e a retomada das compras pela China. \u201cOs terminais est\u00e3o operando, na maior parte do tempo, com pouca interrup\u00e7\u00e3o. Temos bastante produto, bastante demanda e outro fator que \u00e9 o clima seco &#8211; fundamental para o sucesso das opera\u00e7\u00f5es no Porto de Paranagu\u00e1. Estes s\u00e3o fatores que t\u00eam nos ajudado a superar poss\u00edveis problemas que o novo coronav\u00edrus poderia trazer\u201d, explica Helder Catarino, gerente do terminal Interalli Gr\u00e3os, em Paranagu\u00e1.<\/p>\n<p>No entanto, Helder explica que todos os terminais tiveram que se adequar e implementar medidas de prote\u00e7\u00e3o e preven\u00e7\u00e3o, entre elas, o uso de m\u00e1scaras e o refor\u00e7o da higiene. Al\u00e9m disso, os operadores portu\u00e1rios se reuniram e doaram recursos financeiros para refor\u00e7ar o Sistema de Sa\u00fade do munic\u00edpio.<\/p>\n<p><strong>Mercado aquecido<\/strong><\/p>\n<p>Um dos fatores que favoreceram os produtores de gr\u00e3os foi a varia\u00e7\u00e3o do c\u00e2mbio que, hoje, est\u00e1 favor\u00e1vel para a exporta\u00e7\u00e3o. \u201cO produtor importou insumos para a produ\u00e7\u00e3o de soja, no ano passado, com um c\u00e2mbio mais baixo, teve custo reduzido para o plantio e a venda est\u00e1 rendendo bem agora. Ou seja, temos um mercado aquecido l\u00e1 fora e a produ\u00e7\u00e3o foi em grande escala\u201d, completa Helder.<\/p>\n<p>A China \u00e9 o principal comprador de gr\u00e3os brasileiros, especialmente no primeiro semestre. De acordo com Fabr\u00edcio Fumagalli, diretor do Grupo Interalli, o pa\u00eds est\u00e1 retomando as negocia\u00e7\u00f5es ap\u00f3s superar a primeira onda de Covid-19. \u201cA China est\u00e1 com bastante apetite e o primeiro semestre \u00e9 uma compra bem concentrada na Am\u00e9rica do Sul. A China quer retomar os neg\u00f3cios\u201d, comemora.<\/p>\n<p>Fonte: Portos e Navios<\/p>\n","protected":false},"excerpt":{"rendered":"<p>A pandemia do novo coronav\u00edrus n\u00e3o prejudicou a produ\u00e7\u00e3o e exporta\u00e7\u00e3o de gr\u00e3os no Paran\u00e1. No m\u00eas de mar\u00e7o, a movimenta\u00e7\u00e3o no estado teve aumento&#8230;<\/p>\n","protected":false},"author":1182,"featured_media":17209,"comment_status":"closed","ping_status":"closed","sticky":false,"template":"","format":"standard","meta":{"footnotes":""},"categories":[6],"tags":[151,161,237,109,2887],"class_list":["post-28932","post","type-post","status-publish","format-standard","has-post-thumbnail","hentry","category-noticias","tag-exportacao","tag-graos","tag-movimentacao","tag-parana","tag-portos-paranagua"],"_links":{"self":[{"href":"https:\/\/www.sincomam.org.br\/index.php\/wp-json\/wp\/v2\/posts\/28932","targetHints":{"allow":["GET"]}}],"collection":[{"href":"https:\/\/www.sincomam.org.br\/index.php\/wp-json\/wp\/v2\/posts"}],"about":[{"href":"https:\/\/www.sincomam.org.br\/index.php\/wp-json\/wp\/v2\/types\/post"}],"author":[{"embeddable":true,"href":"https:\/\/www.sincomam.org.br\/index.php\/wp-json\/wp\/v2\/users\/1182"}],"replies":[{"embeddable":true,"href":"https:\/\/www.sincomam.org.br\/index.php\/wp-json\/wp\/v2\/comments?post=28932"}],"version-history":[{"count":1,"href":"https:\/\/www.sincomam.org.br\/index.php\/wp-json\/wp\/v2\/posts\/28932\/revisions"}],"predecessor-version":[{"id":28933,"href":"https:\/\/www.sincomam.org.br\/index.php\/wp-json\/wp\/v2\/posts\/28932\/revisions\/28933"}],"wp:featuredmedia":[{"embeddable":true,"href":"https:\/\/www.sincomam.org.br\/index.php\/wp-json\/wp\/v2\/media\/17209"}],"wp:attachment":[{"href":"https:\/\/www.sincomam.org.br\/index.php\/wp-json\/wp\/v2\/media?parent=28932"}],"wp:term":[{"taxonomy":"category","embeddable":true,"href":"https:\/\/www.sincomam.org.br\/index.php\/wp-json\/wp\/v2\/categories?post=28932"},{"taxonomy":"post_tag","embeddable":true,"href":"https:\/\/www.sincomam.org.br\/index.php\/wp-json\/wp\/v2\/tags?post=28932"}],"curies":[{"name":"wp","href":"https:\/\/api.w.org\/{rel}","templated":true}]}}