{"id":28924,"date":"2020-04-30T11:55:12","date_gmt":"2020-04-30T14:55:12","guid":{"rendered":"http:\/\/www.sincomam.org.br\/?p=28924"},"modified":"2020-04-30T16:43:35","modified_gmt":"2020-04-30T19:43:35","slug":"covid-19-brasil-contabiliza-78-162-casos-confirmados-e-5-466-mortes","status":"publish","type":"post","link":"https:\/\/www.sincomam.org.br\/index.php\/covid-19-brasil-contabiliza-78-162-casos-confirmados-e-5-466-mortes\/","title":{"rendered":"Covid-19: Brasil contabiliza 78.162 casos confirmados e 5.466 mortes"},"content":{"rendered":"<p><strong><em>Foram 449 mortes a mais nas \u00faltimas 24 horas no pa\u00eds, segundo Minist\u00e9rio da Sa\u00fade <\/em><\/strong><\/p>\n<p>O Minist\u00e9rio da Sa\u00fade confirmou mais um crescimento nos n\u00fameros de pessoas infectadas pela pandemia do novo coronav\u00edrus no Brasil. Segundo dados divulgados pelo Minist\u00e9rio, o pa\u00eds possui 78.162 casos confirmados e 5.466 \u00f3bitos pela doen\u00e7a. Em 24 horas, foram 449 mortes a mais, aumento recorde de 9%. A taxa de letalidade da Covid-19 em territ\u00f3rio nacional permaneceu em 7,0%.<\/p>\n<p><a href=\"https:\/\/www.sincomam.org.br\/wp-content\/uploads\/2020\/04\/coronavirus-1.jpg\"><img fetchpriority=\"high\" decoding=\"async\" class=\" wp-image-28926 alignleft\" src=\"https:\/\/www.sincomam.org.br\/wp-content\/uploads\/2020\/04\/coronavirus-1.jpg\" alt=\"\" width=\"513\" height=\"290\" srcset=\"https:\/\/www.sincomam.org.br\/wp-content\/uploads\/2020\/04\/coronavirus-1.jpg 679w, https:\/\/www.sincomam.org.br\/wp-content\/uploads\/2020\/04\/coronavirus-1-300x170.jpg 300w\" sizes=\"(max-width: 513px) 100vw, 513px\" \/><\/a>A regi\u00e3o Sudeste segue como a mais afetada, ao registrar 38.892 infectados, ou seja, 49,8% do total brasileiro. O estado de S\u00e3o Paulo concentra a maior parte dos casos, com 26.158 pacientes com a doen\u00e7a, al\u00e9m de 2.247 \u00f3bitos (8,6%). J\u00e1 o Amazonas \u2013 onde a sa\u00fade teria entrado em colapso \u2013 registra 380 v\u00edtimas fatais em 4.801 confirma\u00e7\u00f5es.<\/p>\n<p>O secret\u00e1rio da sa\u00fade do Estado do Rio de Janeiro, Edmar Santos, disse em reportagem ao RJTV que o estado poder\u00e1 adotar <em>lockdown<\/em> para conter o avan\u00e7o da pandemia no estado. O governador do Rio de Janeiro, Wilson Witzel (PSC), tamb\u00e9m prorrogou at\u00e9 o dia 11 de maio as medidas de preven\u00e7\u00e3o e isolamento. A decis\u00e3o foi publicada no Di\u00e1rio Oficial do Estado. De acordo com o \u00faltimo boletim divulgado pela Secretaria de Estado de Sa\u00fade, o estado registrou 8.504 casos do novo coronav\u00edrus e 738 mortes.<\/p>\n<p>O Cear\u00e1 registra 7.532 casos confirmados de Covid-19 e 458 mortes. Os dados s\u00e3o da plataforma IntegraSUS, da Secretaria da Sa\u00fade do Estado (Sesa). O IntegraSUS, informa que 21.726 casos suspeitos est\u00e3o em investiga\u00e7\u00e3o.<\/p>\n<p>Quase sem vagas, o Governo do Estado do Maranh\u00e3o vai publicar um decreto na pr\u00f3xima semana para endurecer as regras de isolamento social, &#8220;pr\u00f3ximo ao <em>lockdown&#8221;<\/em> \u2014 que \u00e9 o fechamento total e a proibi\u00e7\u00e3o de circula\u00e7\u00e3o de pessoas.<\/p>\n<p><strong>Isolamento social<\/strong><\/p>\n<p>O presidente Jair Bolsonaro tem defendido afrouxar as medidas da quarentena para reabrir a economia e ampliou a lista de atividades consideradas essenciais, incluindo at\u00e9 startups e servi\u00e7os de loca\u00e7\u00e3o de ve\u00edculos.<\/p>\n<p>O ministro da Sa\u00fade, Nelson Teich, assegurou que o governo n\u00e3o adotar\u00e1 nenhuma \u201cmedida intempestiva\u201d com rela\u00e7\u00e3o ao afrouxamento das a\u00e7\u00f5es de isolamento social para conter o avan\u00e7o do coronav\u00edrus. O Supremo Tribunal Federal (STF) decidiu este m\u00eas (abril) que Estados e munic\u00edpios podem definir sozinhos as a\u00e7\u00f5es de quarentena.<\/p>\n<p><strong>Mundo<\/strong><\/p>\n<p>Mais de 3,2 milh\u00f5es de casos confirmados do coronav\u00edrus em todo o mundo, segundo os n\u00fameros da OMS. De acordo com\u00a0levantamento divulgado pelo Imperial College de Londres com 48 na\u00e7\u00f5es, a curva de crescimento da doen\u00e7a no Brasil ainda deve aumentar nos pr\u00f3ximos dias.<\/p>\n<p>O estudo tamb\u00e9m apontou que a dissemina\u00e7\u00e3o do coronav\u00edrus est\u00e1 &#8220;provavelmente declinando&#8221;, na Fran\u00e7a, It\u00e1lia e Espanha e projeta estabilidade ou crescimento lento, na Alemanha, Reino Unido e nos EUA. A Coreia do Sul pela primeira vez desde fevereiro, n\u00e3o apresentou nenhum caso de transmiss\u00e3o local. J\u00e1 o Ir\u00e3 supera 6 mil mortes por coronav\u00edrus.<\/p>\n<p>Gr\u00e1fico: divulga\u00e7\u00e3o Minist\u00e9rio da Sa\u00fade<\/p>\n","protected":false},"excerpt":{"rendered":"<p>Foram 449 mortes a mais nas \u00faltimas 24 horas no pa\u00eds, segundo Minist\u00e9rio da Sa\u00fade O Minist\u00e9rio da Sa\u00fade confirmou mais um crescimento nos n\u00fameros&#8230;<\/p>\n","protected":false},"author":1182,"featured_media":28629,"comment_status":"closed","ping_status":"closed","sticky":false,"template":"","format":"standard","meta":{"footnotes":""},"categories":[6],"tags":[511,248,61,175,2257,2752,2886,1476,266,1460,2885,383,1150,378,1756,1210,746,59,366,519,1199],"class_list":["post-28924","post","type-post","status-publish","format-standard","has-post-thumbnail","hentry","category-noticias","tag-alemanha","tag-amazonas","tag-brasil","tag-ceara","tag-coreia","tag-coronavirus","tag-espanha","tag-estado","tag-eua","tag-infectados","tag-isolamento-social","tag-maranhao","tag-medidas","tag-ministerio","tag-morte","tag-mundo","tag-registro","tag-rio-de-janeiro","tag-sao-paulo","tag-saude","tag-secretaria"],"_links":{"self":[{"href":"https:\/\/www.sincomam.org.br\/index.php\/wp-json\/wp\/v2\/posts\/28924","targetHints":{"allow":["GET"]}}],"collection":[{"href":"https:\/\/www.sincomam.org.br\/index.php\/wp-json\/wp\/v2\/posts"}],"about":[{"href":"https:\/\/www.sincomam.org.br\/index.php\/wp-json\/wp\/v2\/types\/post"}],"author":[{"embeddable":true,"href":"https:\/\/www.sincomam.org.br\/index.php\/wp-json\/wp\/v2\/users\/1182"}],"replies":[{"embeddable":true,"href":"https:\/\/www.sincomam.org.br\/index.php\/wp-json\/wp\/v2\/comments?post=28924"}],"version-history":[{"count":5,"href":"https:\/\/www.sincomam.org.br\/index.php\/wp-json\/wp\/v2\/posts\/28924\/revisions"}],"predecessor-version":[{"id":28953,"href":"https:\/\/www.sincomam.org.br\/index.php\/wp-json\/wp\/v2\/posts\/28924\/revisions\/28953"}],"wp:featuredmedia":[{"embeddable":true,"href":"https:\/\/www.sincomam.org.br\/index.php\/wp-json\/wp\/v2\/media\/28629"}],"wp:attachment":[{"href":"https:\/\/www.sincomam.org.br\/index.php\/wp-json\/wp\/v2\/media?parent=28924"}],"wp:term":[{"taxonomy":"category","embeddable":true,"href":"https:\/\/www.sincomam.org.br\/index.php\/wp-json\/wp\/v2\/categories?post=28924"},{"taxonomy":"post_tag","embeddable":true,"href":"https:\/\/www.sincomam.org.br\/index.php\/wp-json\/wp\/v2\/tags?post=28924"}],"curies":[{"name":"wp","href":"https:\/\/api.w.org\/{rel}","templated":true}]}}