{"id":28920,"date":"2020-04-30T10:38:30","date_gmt":"2020-04-30T13:38:30","guid":{"rendered":"http:\/\/www.sincomam.org.br\/?p=28920"},"modified":"2020-04-30T10:38:30","modified_gmt":"2020-04-30T13:38:30","slug":"desemprego-cresce-em-todos-os-setores-e-passa-a-afetar-129-milhoes-diz-ibge","status":"publish","type":"post","link":"https:\/\/www.sincomam.org.br\/index.php\/desemprego-cresce-em-todos-os-setores-e-passa-a-afetar-129-milhoes-diz-ibge\/","title":{"rendered":"Desemprego cresce em todos os setores e passa a afetar 12,9 milh\u00f5es, diz IBGE"},"content":{"rendered":"<p><strong><em>Antes do agravamento da pandemia, desemprego saltou no primeiro trimestre, chegando a 12,2%<\/em><\/strong><\/p>\n<p>A massa de trabalhadores brasileiros terminou os primeiros tr\u00eas meses com a maior retra\u00e7\u00e3o registrada desde 2012. Dados divulgados pelo Instituto Brasileiro dde Geografia e Estat\u00edstica (IBGE) nesta quarta-feira (30) mostram que a popula\u00e7\u00e3o ocupada, ou seja, aqueles que estavam empregados na economia brasileira, caiu de 94,5 milh\u00f5es para 92,2 milh\u00f5es de brasileiros. Cerca de 2,3 milh\u00f5es de brasileiros deixaram de trabalhar nos primeiros tr\u00eas meses do ano &#8211; redu\u00e7\u00e3o de 2,5% na compara\u00e7\u00e3o com o \u00faltimo trimestre de 2019.<\/p>\n<p>Nos primeiros tr\u00eas meses do ano, quando a taxa de desemprego atingiu 12,2%, houve demiss\u00f5es em todos os setores da economia, como ind\u00fastria, (-2,6%), constru\u00e7\u00e3o (-6,5%), com\u00e9rcio, repara\u00e7\u00e3o de ve\u00edculos automotores e motocicletas (-3,5%), alojamento e alimenta\u00e7\u00e3o (-5,4%), outros servi\u00e7os (-4,1%) e servi\u00e7os dom\u00e9sticos (5,9%).<\/p>\n<p>Segundo o IBGE, as ocupa\u00e7\u00f5es do servi\u00e7o dom\u00e9stico apresentaram a maior queda, de 6,1%. Houve tamb\u00e9m retra\u00e7\u00e3o em parcela dos considerados informais, como os trabalhadores sem carteira assinada, conta pr\u00f3pria, e tamb\u00e9m nos formais. Trata-se de uma queda disseminada em todos os tipos de ocupa\u00e7\u00e3o dos brasileiros.<\/p>\n<p>&#8220;Foi uma queda disseminada nas diversas formas de inser\u00e7\u00e3o do trabalhador, seja na condi\u00e7\u00e3o de trabalhador formal ou informal. O movimento, contudo, foi mais acentuado entre os trabalhadores informais. Das 2,3 milh\u00f5es de pessoas que deixaram o contingente de ocupados, 1,9 milh\u00e3o \u00e9 de trabalhadores informais&#8221;, disse Adriana Beringuy, analista do IBGE.<\/p>\n<p>Com isso, a taxa de informalidade teve uma pequena varia\u00e7\u00e3o de 41% no \u00faltimo trimestre de 2019 para 39,9% no primeiro trimestre deste ano, o que representa 36,8 milh\u00f5es de trabalhadores.<\/p>\n<p>Ainda de acordo com a pesquisa, o total de pessoas fora da for\u00e7a de trabalho subiu para 67,3 milh\u00f5es, batendo novo recorde desde 2012. Esse grupo \u00e9 composto por pessoas que n\u00e3o procuram trabalho, mas que n\u00e3o se enquadram no desalento.<\/p>\n<p>Os desalentados, pessoas que desistiram de procurar emprego, somaram 4,8 milh\u00f5es, quadro estatisticamente est\u00e1vel em ambas as compara\u00e7\u00f5es.<\/p>\n<p>Fonte: IG Economia<\/p>\n","protected":false},"excerpt":{"rendered":"<p>Antes do agravamento da pandemia, desemprego saltou no primeiro trimestre, chegando a 12,2% A massa de trabalhadores brasileiros terminou os primeiros tr\u00eas meses com a&#8230;<\/p>\n","protected":false},"author":1182,"featured_media":10201,"comment_status":"closed","ping_status":"closed","sticky":false,"template":"","format":"standard","meta":{"footnotes":""},"categories":[6],"tags":[61,2752,170,833,1848,2882],"class_list":["post-28920","post","type-post","status-publish","format-standard","has-post-thumbnail","hentry","category-noticias","tag-brasil","tag-coronavirus","tag-crescimento","tag-desemprego","tag-ibge","tag-psquisa"],"_links":{"self":[{"href":"https:\/\/www.sincomam.org.br\/index.php\/wp-json\/wp\/v2\/posts\/28920","targetHints":{"allow":["GET"]}}],"collection":[{"href":"https:\/\/www.sincomam.org.br\/index.php\/wp-json\/wp\/v2\/posts"}],"about":[{"href":"https:\/\/www.sincomam.org.br\/index.php\/wp-json\/wp\/v2\/types\/post"}],"author":[{"embeddable":true,"href":"https:\/\/www.sincomam.org.br\/index.php\/wp-json\/wp\/v2\/users\/1182"}],"replies":[{"embeddable":true,"href":"https:\/\/www.sincomam.org.br\/index.php\/wp-json\/wp\/v2\/comments?post=28920"}],"version-history":[{"count":1,"href":"https:\/\/www.sincomam.org.br\/index.php\/wp-json\/wp\/v2\/posts\/28920\/revisions"}],"predecessor-version":[{"id":28921,"href":"https:\/\/www.sincomam.org.br\/index.php\/wp-json\/wp\/v2\/posts\/28920\/revisions\/28921"}],"wp:featuredmedia":[{"embeddable":true,"href":"https:\/\/www.sincomam.org.br\/index.php\/wp-json\/wp\/v2\/media\/10201"}],"wp:attachment":[{"href":"https:\/\/www.sincomam.org.br\/index.php\/wp-json\/wp\/v2\/media?parent=28920"}],"wp:term":[{"taxonomy":"category","embeddable":true,"href":"https:\/\/www.sincomam.org.br\/index.php\/wp-json\/wp\/v2\/categories?post=28920"},{"taxonomy":"post_tag","embeddable":true,"href":"https:\/\/www.sincomam.org.br\/index.php\/wp-json\/wp\/v2\/tags?post=28920"}],"curies":[{"name":"wp","href":"https:\/\/api.w.org\/{rel}","templated":true}]}}