{"id":28910,"date":"2020-04-29T10:53:07","date_gmt":"2020-04-29T13:53:07","guid":{"rendered":"http:\/\/www.sincomam.org.br\/?p=28910"},"modified":"2020-04-30T13:13:00","modified_gmt":"2020-04-30T16:13:00","slug":"morre-de-covid-19-mais-um-tripulante-do-navio-costa-fascinosa-no-porto-de-santos","status":"publish","type":"post","link":"https:\/\/www.sincomam.org.br\/index.php\/morre-de-covid-19-mais-um-tripulante-do-navio-costa-fascinosa-no-porto-de-santos\/","title":{"rendered":"Morre de coronav\u00edrus mais um tripulante do navio Costa Fascinosa"},"content":{"rendered":"<p><strong><em>Embarca\u00e7\u00e3o est\u00e1 em quarentena no Porto de Santos<\/em><\/strong><\/p>\n<p>Mais uma pessoa que estava embarcado no navio Costa Fascinosa, da companhia italiana Costa Cruzeiros, faleceu de Covid-19 em Santos (SP), onde a embarca\u00e7\u00e3o est\u00e1 atracada, em quarentena. De acordo com a Ag\u00eancia Nacional de Vigil\u00e2ncia Sanit\u00e1ria (Anvisa), a v\u00edtima \u2013 um tripulante do sexo masculino de 44 anos \u2013 morreu na \u00faltima sexta-feira (24). Ele havia desembarcado para tratamento em 26 de mar\u00e7o e estava internado em uma unidade de tratamento intensivo (UTI) de um hospital local.<\/p>\n<p>Outras duas mortes de pessoas que estavam no Costa Fascinosa j\u00e1 foram registradas em abril. S\u00e3o tamb\u00e9m dois tripulantes da embarca\u00e7\u00e3o: um homem, de 42 anos, de nacionalidade filipina, morto no \u00faltimo domingo (19), e um m\u00e9dico italiano, de 70 anos, no \u00faltimo dia 16. Ambos estavam em hospitais da Baixada Santista.<\/p>\n<p><strong>Fim da quarentena<\/strong><\/p>\n<p>O Costa Fascinosa est\u00e1 no \u00faltimo dia de quarentena e deve iniciar o desembarque de parte dos tripulantes para repatria\u00e7\u00e3o. \u201cEsses desembarques, como os de qualquer outra embarca\u00e7\u00e3o, devem ser realizados ap\u00f3s avalia\u00e7\u00e3o m\u00e9dica do tripulante e os desembarcados devem seguir diretamente para o aeroporto. Al\u00e9m disso, a repatria\u00e7\u00e3o deve ser autorizada pelo Minist\u00e9rio das Rela\u00e7\u00f5es Exteriores\u201d, destacou, em nota, a Anvisa.<\/p>\n<p>Segundo a Anvisa, ainda n\u00e3o h\u00e1 uma data confirmada para a sa\u00edda da embarca\u00e7\u00e3o. No navio, foram confirmados 29 casos de covid-19. Dessas, dez desembarcaram para tratamento hospitalar e tr\u00eas faleceram.<\/p>\n<p>O cruzeiro chegou a Santos com 764 tripulantes no dia 17 de mar\u00e7o e, dois dias depois, a embarca\u00e7\u00e3o foi colocada em quarentena. As primeiras pessoas com necessidade de atendimento m\u00e9dico desembarcaram no dia 25 de mar\u00e7o. Em 5 de abril, 75 brasileiros deixaram a embarca\u00e7\u00e3o, assim como 227 filipinos, no dia 11 de abril. Eles retornaram ao seu pa\u00eds em voo fretado.<\/p>\n<p>Fonte: Ag\u00eancia Brasil<\/p>\n","protected":false},"excerpt":{"rendered":"<p>Embarca\u00e7\u00e3o est\u00e1 em quarentena no Porto de Santos Mais uma pessoa que estava embarcado no navio Costa Fascinosa, da companhia italiana Costa Cruzeiros, faleceu de&#8230;<\/p>\n","protected":false},"author":1182,"featured_media":28414,"comment_status":"closed","ping_status":"closed","sticky":false,"template":"","format":"standard","meta":{"footnotes":""},"categories":[6],"tags":[2752,2794,1756,47,80,89,978],"class_list":["post-28910","post","type-post","status-publish","format-standard","has-post-thumbnail","hentry","category-noticias","tag-coronavirus","tag-costa-fascinosa","tag-morte","tag-navio","tag-porto","tag-santos","tag-tripulante"],"_links":{"self":[{"href":"https:\/\/www.sincomam.org.br\/index.php\/wp-json\/wp\/v2\/posts\/28910","targetHints":{"allow":["GET"]}}],"collection":[{"href":"https:\/\/www.sincomam.org.br\/index.php\/wp-json\/wp\/v2\/posts"}],"about":[{"href":"https:\/\/www.sincomam.org.br\/index.php\/wp-json\/wp\/v2\/types\/post"}],"author":[{"embeddable":true,"href":"https:\/\/www.sincomam.org.br\/index.php\/wp-json\/wp\/v2\/users\/1182"}],"replies":[{"embeddable":true,"href":"https:\/\/www.sincomam.org.br\/index.php\/wp-json\/wp\/v2\/comments?post=28910"}],"version-history":[{"count":8,"href":"https:\/\/www.sincomam.org.br\/index.php\/wp-json\/wp\/v2\/posts\/28910\/revisions"}],"predecessor-version":[{"id":28947,"href":"https:\/\/www.sincomam.org.br\/index.php\/wp-json\/wp\/v2\/posts\/28910\/revisions\/28947"}],"wp:featuredmedia":[{"embeddable":true,"href":"https:\/\/www.sincomam.org.br\/index.php\/wp-json\/wp\/v2\/media\/28414"}],"wp:attachment":[{"href":"https:\/\/www.sincomam.org.br\/index.php\/wp-json\/wp\/v2\/media?parent=28910"}],"wp:term":[{"taxonomy":"category","embeddable":true,"href":"https:\/\/www.sincomam.org.br\/index.php\/wp-json\/wp\/v2\/categories?post=28910"},{"taxonomy":"post_tag","embeddable":true,"href":"https:\/\/www.sincomam.org.br\/index.php\/wp-json\/wp\/v2\/tags?post=28910"}],"curies":[{"name":"wp","href":"https:\/\/api.w.org\/{rel}","templated":true}]}}