{"id":28898,"date":"2020-04-29T09:43:04","date_gmt":"2020-04-29T12:43:04","guid":{"rendered":"http:\/\/www.sincomam.org.br\/?p=28898"},"modified":"2020-04-29T09:43:04","modified_gmt":"2020-04-29T12:43:04","slug":"trabalhadores-portuarios-aprovam-medidas-de-prevencao-a-covid-19","status":"publish","type":"post","link":"https:\/\/www.sincomam.org.br\/index.php\/trabalhadores-portuarios-aprovam-medidas-de-prevencao-a-covid-19\/","title":{"rendered":"Trabalhadores portu\u00e1rios aprovam medidas de preven\u00e7\u00e3o \u00e0 Covid-19"},"content":{"rendered":"<p><strong><em>84% dos entrevistados est\u00e3o satisfeitos com os cuidados adotados pela Portos do Paran\u00e1<\/em><\/strong><\/p>\n<p>As medidas de higiene adotadas nos portos do Paran\u00e1 para preven\u00e7\u00e3o e combate \u00e0 Covid-19 t\u00eam a aprova\u00e7\u00e3o de 84% dos trabalhadores portu\u00e1rios avulsos (TPAs). A pesquisa, realizada pelo \u00d3rg\u00e3o Gestor de M\u00e3o de Obra (Ogmo), ouviu 684 colaboradores entre 27 de mar\u00e7o e 16 de abril.<\/p>\n<p>A seguran\u00e7a de quem acessa o cais do Porto de Paranagu\u00e1 todos os dias \u00e9 uma das grandes preocupa\u00e7\u00f5es da autoridade portu\u00e1ria paranaense. \u201cAs estruturas de atendimento m\u00e9dico, medi\u00e7\u00e3o de temperatura e higieniza\u00e7\u00e3o s\u00e3o essenciais para que o porto seja um ambiente seguro. Isso tranquiliza o trabalhador e tamb\u00e9m suas fam\u00edlias\u201d, destaca o presidente da empresa p\u00fablica Portos do Paran\u00e1, Luiz Fernando Garcia.<\/p>\n<p>Hoje, Paranagu\u00e1 conta com 1.783 trabalhadores avulsos ativos. Diariamente, 500 deles s\u00e3o escalados para opera\u00e7\u00f5es no cais. S\u00e3os estivadores, arrumadores, trabalhadores do bloco, conferentes de carga, consertadores e vigias de embarca\u00e7\u00f5es.<\/p>\n<p>Segundo a diretora executiva do Ogmo, Shana Carolina Bertol, ouvir os trabalhadores \u00e9 essencial para avaliar as medidas que est\u00e3o sendo adotadas e propor novas solu\u00e7\u00f5es. \u201cO objetivo \u00e9 saber se os trabalhadores est\u00e3o se sentindo seguros para exercer suas fun\u00e7\u00f5es. Sabemos da import\u00e2ncia da manuten\u00e7\u00e3o da atividade portu\u00e1ria, mas tamb\u00e9m temos a preocupa\u00e7\u00e3o de levar essa prote\u00e7\u00e3o a quem est\u00e1 na linha de frente\u201d.<\/p>\n<p>A primeira avalia\u00e7\u00e3o do resultado foi bastante positiva. Dos trabalhadores, 84% disseram se sentir seguros e protegidos ao entrar no porto; 27% responderam estar \u201cmuito satisfeito\u201d com as medidas adotadas; 57% \u201csatisfeito\u201d. Os insatisfeitos e muito insatisfeitos foram 8% das respostas, em cada op\u00e7\u00e3o.<\/p>\n<p>A pesquisa ser\u00e1 cont\u00ednua, feita via sistema eletr\u00f4nico do Ogmo. \u201cQuando o trabalhador se habilita para ser escalado, ele tem a op\u00e7\u00e3o de responder a pesquisa e nos dizer como se sente. Este monitoramento ser\u00e1 feito at\u00e9 o fim da pandemia\u201d, explica a diretora executiva do Ogmo.<\/p>\n<p>Fonte: Portos do Paran\u00e1 \/ Foto: Rodrigo Sell-Portos do Paran\u00e1<\/p>\n","protected":false},"excerpt":{"rendered":"<p>84% dos entrevistados est\u00e3o satisfeitos com os cuidados adotados pela Portos do Paran\u00e1 As medidas de higiene adotadas nos portos do Paran\u00e1 para preven\u00e7\u00e3o e&#8230;<\/p>\n","protected":false},"author":1182,"featured_media":28899,"comment_status":"closed","ping_status":"closed","sticky":false,"template":"","format":"standard","meta":{"footnotes":""},"categories":[6],"tags":[2751,1150,109,69,303,1140],"class_list":["post-28898","post","type-post","status-publish","format-standard","has-post-thumbnail","hentry","category-noticias","tag-covid-19","tag-medidas","tag-parana","tag-portos","tag-portuarios","tag-trabalhadores"],"_links":{"self":[{"href":"https:\/\/www.sincomam.org.br\/index.php\/wp-json\/wp\/v2\/posts\/28898","targetHints":{"allow":["GET"]}}],"collection":[{"href":"https:\/\/www.sincomam.org.br\/index.php\/wp-json\/wp\/v2\/posts"}],"about":[{"href":"https:\/\/www.sincomam.org.br\/index.php\/wp-json\/wp\/v2\/types\/post"}],"author":[{"embeddable":true,"href":"https:\/\/www.sincomam.org.br\/index.php\/wp-json\/wp\/v2\/users\/1182"}],"replies":[{"embeddable":true,"href":"https:\/\/www.sincomam.org.br\/index.php\/wp-json\/wp\/v2\/comments?post=28898"}],"version-history":[{"count":1,"href":"https:\/\/www.sincomam.org.br\/index.php\/wp-json\/wp\/v2\/posts\/28898\/revisions"}],"predecessor-version":[{"id":28900,"href":"https:\/\/www.sincomam.org.br\/index.php\/wp-json\/wp\/v2\/posts\/28898\/revisions\/28900"}],"wp:featuredmedia":[{"embeddable":true,"href":"https:\/\/www.sincomam.org.br\/index.php\/wp-json\/wp\/v2\/media\/28899"}],"wp:attachment":[{"href":"https:\/\/www.sincomam.org.br\/index.php\/wp-json\/wp\/v2\/media?parent=28898"}],"wp:term":[{"taxonomy":"category","embeddable":true,"href":"https:\/\/www.sincomam.org.br\/index.php\/wp-json\/wp\/v2\/categories?post=28898"},{"taxonomy":"post_tag","embeddable":true,"href":"https:\/\/www.sincomam.org.br\/index.php\/wp-json\/wp\/v2\/tags?post=28898"}],"curies":[{"name":"wp","href":"https:\/\/api.w.org\/{rel}","templated":true}]}}