{"id":28879,"date":"2020-04-28T09:52:34","date_gmt":"2020-04-28T12:52:34","guid":{"rendered":"http:\/\/www.sincomam.org.br\/?p=28879"},"modified":"2020-04-28T10:58:41","modified_gmt":"2020-04-28T13:58:41","slug":"receita-federal-localiza-911-kg-de-cocaina-em-carregamento-de-oleo-de-laranja-no-porto-de-santos","status":"publish","type":"post","link":"https:\/\/www.sincomam.org.br\/index.php\/receita-federal-localiza-911-kg-de-cocaina-em-carregamento-de-oleo-de-laranja-no-porto-de-santos\/","title":{"rendered":"Receita Federal localiza 911 kg de coca\u00edna em carregamento de \u00f3leo de laranja no Porto de Santos"},"content":{"rendered":"<p><strong><em>Droga interceptada pela Alf\u00e2ndega foi entregue \u00e0 Pol\u00edcia Federal, que investigar\u00e1 o caso<\/em><\/strong><\/p>\n<p>Mais de 900 kg de coca\u00edna foram localizados por equipes da Receita Federal, neste s\u00e1bado (25), em uma carga de exporta\u00e7\u00e3o para o continente europeu que estava no Porto de Santos, litoral de S\u00e3o Paulo. De acordo com a Receita Federal, a carga tinha como destino final o Porto de Hamburgo, na Alemanha.<\/p>\n<p>A droga foi localizada em uma a\u00e7\u00e3o de rotina das equipes da Alf\u00e2ndega de Santos. Segundo as autoridades, tratava-se de um carregamento de \u00f3leo de laranja, que foi selecionada para confer\u00eancia atrav\u00e9s de crit\u00e9rios objetivos de an\u00e1lise de risco, incluindo a inspe\u00e7\u00e3o n\u00e3o intrusiva por esc\u00e2ner.<\/p>\n<p>Em fun\u00e7\u00e3o das caracter\u00edsticas observadas na a\u00e7\u00e3o, a Receita suspeita ter ocorrido a t\u00e9cnica criminosa denominada \u201cRip-Off modality\u201d, em que a droga \u00e9 inserida em uma carga l\u00edcita sem o conhecimento dos exportadores e importadores. No total, havia 911 kg da droga. Essa \u00e9 a segunda maior apreens\u00e3o de droga em 2020 no Porto de Santos.<\/p>\n<p>A droga interceptada pela Alf\u00e2ndega foi entregue \u00e0 Pol\u00edcia Federal, que acompanhou a opera\u00e7\u00e3o a partir de sua localiza\u00e7\u00e3o, e que prosseguir\u00e1 com as investiga\u00e7\u00f5es, a partir das informa\u00e7\u00f5es fornecidas pela Receita.<\/p>\n<p>Fonte: G1 Santos \/ Foto: divulga\u00e7\u00e3o Receita Federal<\/p>\n","protected":false},"excerpt":{"rendered":"<p>Droga interceptada pela Alf\u00e2ndega foi entregue \u00e0 Pol\u00edcia Federal, que investigar\u00e1 o caso Mais de 900 kg de coca\u00edna foram localizados por equipes da Receita&#8230;<\/p>\n","protected":false},"author":1182,"featured_media":28880,"comment_status":"closed","ping_status":"closed","sticky":false,"template":"","format":"standard","meta":{"footnotes":""},"categories":[6],"tags":[575,1323,305,80,326,89],"class_list":["post-28879","post","type-post","status-publish","format-standard","has-post-thumbnail","hentry","category-noticias","tag-carregamento","tag-federal","tag-oleo","tag-porto","tag-receita","tag-santos"],"_links":{"self":[{"href":"https:\/\/www.sincomam.org.br\/index.php\/wp-json\/wp\/v2\/posts\/28879","targetHints":{"allow":["GET"]}}],"collection":[{"href":"https:\/\/www.sincomam.org.br\/index.php\/wp-json\/wp\/v2\/posts"}],"about":[{"href":"https:\/\/www.sincomam.org.br\/index.php\/wp-json\/wp\/v2\/types\/post"}],"author":[{"embeddable":true,"href":"https:\/\/www.sincomam.org.br\/index.php\/wp-json\/wp\/v2\/users\/1182"}],"replies":[{"embeddable":true,"href":"https:\/\/www.sincomam.org.br\/index.php\/wp-json\/wp\/v2\/comments?post=28879"}],"version-history":[{"count":1,"href":"https:\/\/www.sincomam.org.br\/index.php\/wp-json\/wp\/v2\/posts\/28879\/revisions"}],"predecessor-version":[{"id":28881,"href":"https:\/\/www.sincomam.org.br\/index.php\/wp-json\/wp\/v2\/posts\/28879\/revisions\/28881"}],"wp:featuredmedia":[{"embeddable":true,"href":"https:\/\/www.sincomam.org.br\/index.php\/wp-json\/wp\/v2\/media\/28880"}],"wp:attachment":[{"href":"https:\/\/www.sincomam.org.br\/index.php\/wp-json\/wp\/v2\/media?parent=28879"}],"wp:term":[{"taxonomy":"category","embeddable":true,"href":"https:\/\/www.sincomam.org.br\/index.php\/wp-json\/wp\/v2\/categories?post=28879"},{"taxonomy":"post_tag","embeddable":true,"href":"https:\/\/www.sincomam.org.br\/index.php\/wp-json\/wp\/v2\/tags?post=28879"}],"curies":[{"name":"wp","href":"https:\/\/api.w.org\/{rel}","templated":true}]}}