{"id":28852,"date":"2020-04-27T11:28:12","date_gmt":"2020-04-27T14:28:12","guid":{"rendered":"http:\/\/www.sincomam.org.br\/?p=28852"},"modified":"2020-04-28T10:58:42","modified_gmt":"2020-04-28T13:58:42","slug":"marinha-do-brasil-capacita-funcionarios-do-aeroporto-do-galeao-para-atuarem-no-combate-a-pandemia","status":"publish","type":"post","link":"https:\/\/www.sincomam.org.br\/index.php\/marinha-do-brasil-capacita-funcionarios-do-aeroporto-do-galeao-para-atuarem-no-combate-a-pandemia\/","title":{"rendered":"Marinha do Brasil capacita funcion\u00e1rios do Aeroporto do Gale\u00e3o para atuarem no combate \u00e0 pandemia"},"content":{"rendered":"<p><strong><em>A\u00e7\u00e3o envolveu treinamentos pr\u00e1ticos e te\u00f3ricos, al\u00e9m da desinfec\u00e7\u00e3o das \u00e1reas do aeroporto<\/em><\/strong><\/p>\n<p>A Marinha do Brasil (MB) informa que realizou as instru\u00e7\u00f5es te\u00f3ricas e pr\u00e1ticas de a\u00e7\u00f5es de Defesa Nuclear, Biol\u00f3gica, Qu\u00edmica e Radiol\u00f3gica (NBQR) para as equipes que atuam no Aeroporto Internacional Gale\u00e3o, Tom Jobim, localizado no Rio de Janeiro-RJ.<\/p>\n<p>Segundo informa\u00e7\u00f5es divulgadas pela Marinha, o objetivo da a\u00e7\u00e3o, realizada por militares do Centro de Instru\u00e7\u00e3o Almirante Sylvio de Camargo e do Centro de Defesa NBQR da MB, foi capacitar os t\u00e9cnicos que atuam no aeroporto nas \u00e1reas de sa\u00fade, engenharia de manuten\u00e7\u00e3o, sustentabilidade, resposta e emerg\u00eancia e limpeza predial, para que estejam aptos a auxiliar na preven\u00e7\u00e3o e no combate \u00e0 pandemia nas instala\u00e7\u00f5es do Gale\u00e3o.<\/p>\n<p>Durante a capacita\u00e7\u00e3o, foram abordados temas como Equipamentos de Prote\u00e7\u00e3o Individual, aspectos b\u00e1sicos de defesa biol\u00f3gica, cuidados de sa\u00fade e primeiros socorros, al\u00e9m de como proceder em uma a\u00e7\u00e3o de descontamina\u00e7\u00e3o. Os funcion\u00e1rios do Gale\u00e3o tamb\u00e9m colocaram em pr\u00e1tica as instru\u00e7\u00f5es recebidas e realizaram, em conjunto com os fuzileiros navais do Grupamento Operativo de Defesa NBQR da MB, a desinfec\u00e7\u00e3o do aeroporto e a limpeza no port\u00e3o de acesso \u00e0s aeronaves que permanecem em atividade no per\u00edodo da pandemia.<\/p>\n<p>Fonte: Marinha do Brasil \/ Foto: divulga\u00e7\u00e3o MB<\/p>\n","protected":false},"excerpt":{"rendered":"<p>A\u00e7\u00e3o envolveu treinamentos pr\u00e1ticos e te\u00f3ricos, al\u00e9m da desinfec\u00e7\u00e3o das \u00e1reas do aeroporto A Marinha do Brasil (MB) informa que realizou as instru\u00e7\u00f5es te\u00f3ricas e&#8230;<\/p>\n","protected":false},"author":1182,"featured_media":28853,"comment_status":"closed","ping_status":"closed","sticky":false,"template":"","format":"standard","meta":{"footnotes":""},"categories":[6],"tags":[903,61,2751,217,904,15],"class_list":["post-28852","post","type-post","status-publish","format-standard","has-post-thumbnail","hentry","category-noticias","tag-aeroporto","tag-brasil","tag-covid-19","tag-funcionarios","tag-galeao","tag-marinha"],"_links":{"self":[{"href":"https:\/\/www.sincomam.org.br\/index.php\/wp-json\/wp\/v2\/posts\/28852","targetHints":{"allow":["GET"]}}],"collection":[{"href":"https:\/\/www.sincomam.org.br\/index.php\/wp-json\/wp\/v2\/posts"}],"about":[{"href":"https:\/\/www.sincomam.org.br\/index.php\/wp-json\/wp\/v2\/types\/post"}],"author":[{"embeddable":true,"href":"https:\/\/www.sincomam.org.br\/index.php\/wp-json\/wp\/v2\/users\/1182"}],"replies":[{"embeddable":true,"href":"https:\/\/www.sincomam.org.br\/index.php\/wp-json\/wp\/v2\/comments?post=28852"}],"version-history":[{"count":1,"href":"https:\/\/www.sincomam.org.br\/index.php\/wp-json\/wp\/v2\/posts\/28852\/revisions"}],"predecessor-version":[{"id":28854,"href":"https:\/\/www.sincomam.org.br\/index.php\/wp-json\/wp\/v2\/posts\/28852\/revisions\/28854"}],"wp:featuredmedia":[{"embeddable":true,"href":"https:\/\/www.sincomam.org.br\/index.php\/wp-json\/wp\/v2\/media\/28853"}],"wp:attachment":[{"href":"https:\/\/www.sincomam.org.br\/index.php\/wp-json\/wp\/v2\/media?parent=28852"}],"wp:term":[{"taxonomy":"category","embeddable":true,"href":"https:\/\/www.sincomam.org.br\/index.php\/wp-json\/wp\/v2\/categories?post=28852"},{"taxonomy":"post_tag","embeddable":true,"href":"https:\/\/www.sincomam.org.br\/index.php\/wp-json\/wp\/v2\/tags?post=28852"}],"curies":[{"name":"wp","href":"https:\/\/api.w.org\/{rel}","templated":true}]}}