{"id":28850,"date":"2020-04-27T11:13:49","date_gmt":"2020-04-27T14:13:49","guid":{"rendered":"http:\/\/www.sincomam.org.br\/?p=28850"},"modified":"2020-04-28T10:58:42","modified_gmt":"2020-04-28T13:58:42","slug":"covid-19-partida-de-navio-e-cancelada-no-rj-apos-confirmacao-de-morte-de-militar-da-marinha","status":"publish","type":"post","link":"https:\/\/www.sincomam.org.br\/index.php\/covid-19-partida-de-navio-e-cancelada-no-rj-apos-confirmacao-de-morte-de-militar-da-marinha\/","title":{"rendered":"Covid-19: Partida de navio \u00e9 cancelada no RJ ap\u00f3s confirma\u00e7\u00e3o de morte de militar da Marinha"},"content":{"rendered":"<p><strong><em>Militar chegou de miss\u00e3o no Rio no dia 23 de mar\u00e7o, em navio que tinha cinco integrantes com sintomas da doen\u00e7a. Militar morreu no dia 14 de abril<\/em><\/strong><\/p>\n<p>Um militar da Marinha, que tinha voltado de uma miss\u00e3o, morreu de Covid-19. Depois desse caso, a partida de um navio programada para o pr\u00f3ximo fim de semana foi cancelada. A fragata Uni\u00e3o deveria partir da Base Naval de Mocangu\u00ea, no domingo (19). O RJ1 teve acesso ao plano do dia da fragata, uma esp\u00e9cie de di\u00e1rio de bordo do navio. No documento, a previs\u00e3o de partida era \u00e0s 20h de domingo e o retorno, no dia 25 de abril.<\/p>\n<p>A miss\u00e3o \u00e9 o est\u00e1gio de qualifica\u00e7\u00e3o para futuros comandantes de submarinos. A fase t\u00e1tica significa que \u00e9 a parte pr\u00e1tica de um curso que come\u00e7ou num centro de adestramento da Marinha. Os tripulantes estavam assustados, como o enviado num \u00e1udio que diz:<\/p>\n<p>\u201cEu acho isso um absurdo, em plena essa pandemia de coronav\u00edrus, onde v\u00e1rios militares j\u00e1 t\u00eam como hist\u00f3rico de pessoas na fam\u00edlia com o v\u00edrus, ficarem confinados dentro de um navio, 200 homens, onde os camarotes onde se dormem s\u00e3o dez, quinze pessoas dentro de um camarote. Um beliche em cima do outro. Ou seja, a pessoa vai ficar respirando, respirando, espirrando, tossindo um em cima do outro ali dentro, podendo passar esse v\u00edrus muito facilmente\u201d. Nesta sexta-feira (17), de manh\u00e3 cedo, quando a tripula\u00e7\u00e3o chegou para embarcar, descobriu que a viagem tinha sido cancelada.<\/p>\n<p>A assessoria de comunica\u00e7\u00e3o da Marinha n\u00e3o comento o cancelamento da viagem, porque, segundo ela, esse planejamento \u00e9 sigiloso e restrito ao pessoal da esquadra. Mas os assessores confirmaram o motivo que deixou os tripulantes da fragata Uni\u00e3o amedrontados, que foi a morte de um militar que estava embarcado em outro navio, pela Covid-19. O militar viajou no navio Almirante Saboia, que chegou ao Rio no dia 23 de mar\u00e7o, j\u00e1 com o comandante, o imediato e outros tr\u00eas integrantes da tripula\u00e7\u00e3o apresentando os sintomas da doen\u00e7a.<\/p>\n<p>Segundo uma nota divulgada pela Marinha, o militar que morreu n\u00e3o tinha os sintomas na chegada. S\u00f3 no dia seguinte ele procurou atendimento m\u00e9dico, com sintomas leves do coronav\u00edrus. Ele foi encaminhado para isolamento domiciliar, mas em 1\u00ba de abril voltou ao hospital com piora no quadro respirat\u00f3rio. Internado na UTI, o militar teve a confirma\u00e7\u00e3o da doen\u00e7a. Ele morreu na noite do da \u00faltima ter\u00e7a-feira (14).<\/p>\n<p>A nota diz ainda que o navio foi higienizado e est\u00e1 pronto, mas n\u00e3o h\u00e1 previs\u00e3o de partida, e que a Marinha est\u00e1 prestando assist\u00eancia psicol\u00f3gica e social aos parentes do militar morto.<\/p>\n<p>Fonte: G1 \/ RJ1 Ari Peixoto<\/p>\n<p>&nbsp;<\/p>\n","protected":false},"excerpt":{"rendered":"<p>Militar chegou de miss\u00e3o no Rio no dia 23 de mar\u00e7o, em navio que tinha cinco integrantes com sintomas da doen\u00e7a. Militar morreu no dia&#8230;<\/p>\n","protected":false},"author":1182,"featured_media":9404,"comment_status":"closed","ping_status":"closed","sticky":false,"template":"","format":"standard","meta":{"footnotes":""},"categories":[6],"tags":[2751,1013,492,1756,47,59],"class_list":["post-28850","post","type-post","status-publish","format-standard","has-post-thumbnail","hentry","category-noticias","tag-covid-19","tag-marinha-do-brasil","tag-militar","tag-morte","tag-navio","tag-rio-de-janeiro"],"_links":{"self":[{"href":"https:\/\/www.sincomam.org.br\/index.php\/wp-json\/wp\/v2\/posts\/28850","targetHints":{"allow":["GET"]}}],"collection":[{"href":"https:\/\/www.sincomam.org.br\/index.php\/wp-json\/wp\/v2\/posts"}],"about":[{"href":"https:\/\/www.sincomam.org.br\/index.php\/wp-json\/wp\/v2\/types\/post"}],"author":[{"embeddable":true,"href":"https:\/\/www.sincomam.org.br\/index.php\/wp-json\/wp\/v2\/users\/1182"}],"replies":[{"embeddable":true,"href":"https:\/\/www.sincomam.org.br\/index.php\/wp-json\/wp\/v2\/comments?post=28850"}],"version-history":[{"count":1,"href":"https:\/\/www.sincomam.org.br\/index.php\/wp-json\/wp\/v2\/posts\/28850\/revisions"}],"predecessor-version":[{"id":28851,"href":"https:\/\/www.sincomam.org.br\/index.php\/wp-json\/wp\/v2\/posts\/28850\/revisions\/28851"}],"wp:featuredmedia":[{"embeddable":true,"href":"https:\/\/www.sincomam.org.br\/index.php\/wp-json\/wp\/v2\/media\/9404"}],"wp:attachment":[{"href":"https:\/\/www.sincomam.org.br\/index.php\/wp-json\/wp\/v2\/media?parent=28850"}],"wp:term":[{"taxonomy":"category","embeddable":true,"href":"https:\/\/www.sincomam.org.br\/index.php\/wp-json\/wp\/v2\/categories?post=28850"},{"taxonomy":"post_tag","embeddable":true,"href":"https:\/\/www.sincomam.org.br\/index.php\/wp-json\/wp\/v2\/tags?post=28850"}],"curies":[{"name":"wp","href":"https:\/\/api.w.org\/{rel}","templated":true}]}}