{"id":28839,"date":"2020-04-27T10:18:20","date_gmt":"2020-04-27T13:18:20","guid":{"rendered":"http:\/\/www.sincomam.org.br\/?p=28839"},"modified":"2020-04-28T10:58:43","modified_gmt":"2020-04-28T13:58:43","slug":"presidente-do-porto-de-santos-renuncia-ao-cargo","status":"publish","type":"post","link":"https:\/\/www.sincomam.org.br\/index.php\/presidente-do-porto-de-santos-renuncia-ao-cargo\/","title":{"rendered":"Presidente do Porto de Santos renuncia ao cargo"},"content":{"rendered":"<p><em><strong>Diretor de opera\u00e7\u00f5es da autoridade portu\u00e1ria, Fernando Biral assume o posto no lugar de Casemiro T\u00e9rcio<\/strong><\/em><\/p>\n<p>O diretor-executivo da SPA (autoridade portu\u00e1ria de Santos), Casemiro T\u00e9rcio Carvalho, anunciou na noite desta sexta-feira (24) sua sa\u00edda ap\u00f3s um ano e dois meses no cargo.<\/p>\n<p>Em carta aberta publicada em uma rede social, Carvalho n\u00e3o diz quais teriam sido os motivos de sua ren\u00fancia. Pessoas familiarizadas com a situa\u00e7\u00e3o afirmam que o executivo alegou raz\u00f5es pessoais ao comunicar que queria deixar o posto.<\/p>\n<p>O substituto de T\u00e9rcio ser\u00e1 o atual diretor de administra\u00e7\u00e3o e finan\u00e7as da SPA, Fernando Biral, considerado o &#8216;bra\u00e7o direito&#8217; de Carvalho<\/p>\n<p>A sa\u00edda do executivo ocorre em meio a uma crise pol\u00edtica e a rumores de que Bolsonaro negocia um loteamento de cargos com partidos do Centr\u00e3o em troca de apoio pol\u00edtico.<\/p>\n<p>Carvalho assumiu o cargo em fevereiro de 2019 e conduzia o processo de moderniza\u00e7\u00e3o do porto de Santos, que prev\u00ea a desestatiza\u00e7\u00e3o da autoridade portu\u00e1ria. Ele era visto pelo setor portu\u00e1rio como um t\u00e9cnico com expertise no segmento.<\/p>\n<p>Em sua carta, Carvalho diz que comanda o porto de Santos foi &#8220;o maior desafio&#8221; de sua carreira. Afirma ainda que ter assinado &#8220;contratos de arrendamento a valores de mercado, com a correta remunera\u00e7\u00e3o pela explora\u00e7\u00e3o privada do bem p\u00fablico, e o novo Plano de Desenvolvimento e Zoneamento, que tira o Porto de Santos do passado&#8221; foram suas principais a\u00e7\u00f5es. O executivo tamb\u00e9m menciona a realiza\u00e7\u00e3o de leil\u00f5es de terminais do porto realizados no ano passado.<\/p>\n<p>&#8220;Ainda no \u00e2mbito do planejamento, mostramos tecnicamente que o t\u00fanel submerso \u00e9 a melhor solu\u00e7\u00e3o de liga\u00e7\u00e3o seca entre as margens do porto&#8221;, diz a carta. O projeto op\u00f5e governo estadual e Minist\u00e9rio da Infraestrutura, uma vez que a gest\u00e3o Doria tem defendido a constru\u00e7\u00e3o de uma ponte no local.<\/p>\n<p>Novo diretor-executivo da autoridade portu\u00e1ria, Biral \u00e9 formado em administra\u00e7\u00e3o de empresas pela FGV (Funda\u00e7\u00e3o Get\u00falio Vargas) e \u00e9 professor da FIA, e j\u00e1 atuou em empresas do setor financeiro. Como diretor de projetos, foi respons\u00e1vel por projetos para organiza\u00e7\u00f5es como Embratel, Petrobras, Ambev e Du Pont.<\/p>\n<p>Fonte: Folha SP<\/p>\n","protected":false},"excerpt":{"rendered":"<p>Diretor de opera\u00e7\u00f5es da autoridade portu\u00e1ria, Fernando Biral assume o posto no lugar de Casemiro T\u00e9rcio O diretor-executivo da SPA (autoridade portu\u00e1ria de Santos), Casemiro&#8230;<\/p>\n","protected":false},"author":1182,"featured_media":18319,"comment_status":"closed","ping_status":"closed","sticky":false,"template":"","format":"standard","meta":{"footnotes":""},"categories":[6],"tags":[80,314,2793,89,2861],"class_list":["post-28839","post","type-post","status-publish","format-standard","has-post-thumbnail","hentry","category-noticias","tag-porto","tag-presidente","tag-renuncia","tag-santos","tag-spa"],"_links":{"self":[{"href":"https:\/\/www.sincomam.org.br\/index.php\/wp-json\/wp\/v2\/posts\/28839","targetHints":{"allow":["GET"]}}],"collection":[{"href":"https:\/\/www.sincomam.org.br\/index.php\/wp-json\/wp\/v2\/posts"}],"about":[{"href":"https:\/\/www.sincomam.org.br\/index.php\/wp-json\/wp\/v2\/types\/post"}],"author":[{"embeddable":true,"href":"https:\/\/www.sincomam.org.br\/index.php\/wp-json\/wp\/v2\/users\/1182"}],"replies":[{"embeddable":true,"href":"https:\/\/www.sincomam.org.br\/index.php\/wp-json\/wp\/v2\/comments?post=28839"}],"version-history":[{"count":1,"href":"https:\/\/www.sincomam.org.br\/index.php\/wp-json\/wp\/v2\/posts\/28839\/revisions"}],"predecessor-version":[{"id":28840,"href":"https:\/\/www.sincomam.org.br\/index.php\/wp-json\/wp\/v2\/posts\/28839\/revisions\/28840"}],"wp:featuredmedia":[{"embeddable":true,"href":"https:\/\/www.sincomam.org.br\/index.php\/wp-json\/wp\/v2\/media\/18319"}],"wp:attachment":[{"href":"https:\/\/www.sincomam.org.br\/index.php\/wp-json\/wp\/v2\/media?parent=28839"}],"wp:term":[{"taxonomy":"category","embeddable":true,"href":"https:\/\/www.sincomam.org.br\/index.php\/wp-json\/wp\/v2\/categories?post=28839"},{"taxonomy":"post_tag","embeddable":true,"href":"https:\/\/www.sincomam.org.br\/index.php\/wp-json\/wp\/v2\/tags?post=28839"}],"curies":[{"name":"wp","href":"https:\/\/api.w.org\/{rel}","templated":true}]}}