{"id":28779,"date":"2020-04-24T10:38:43","date_gmt":"2020-04-24T13:38:43","guid":{"rendered":"http:\/\/www.sincomam.org.br\/?p=28779"},"modified":"2020-04-28T10:58:44","modified_gmt":"2020-04-28T13:58:44","slug":"comando-do-6o-distrito-naval-realiza-cerimonia-de-passagem-de-comando","status":"publish","type":"post","link":"https:\/\/www.sincomam.org.br\/index.php\/comando-do-6o-distrito-naval-realiza-cerimonia-de-passagem-de-comando\/","title":{"rendered":"Comando do 6\u00ba Distrito Naval realiza cerim\u00f4nia de passagem de Comando"},"content":{"rendered":"<p><em><strong>Vice-Almirante Arentz ressaltou o privil\u00e9gio de ter comandando um distrito altamente operativo<\/strong><\/em><\/p>\n<p>A Marinha do Brasil (MB) informou que no dia 16 de mar\u00e7o, aconteceu a passagem de Comando do 6\u00ba Distrito Naval (Com6\u00baDN). Na ocasi\u00e3o, o Contra-Almirante S\u00e9rgio Gago Guida recebeu o cargo do Vice-Almirante Carlos Eduardo Horta Arentz. O evento foi presidido pelo Comandante de Opera\u00e7\u00f5es Navais, Almirante de Esquadra Leonardo Puntel, e contou com a presen\u00e7a de autoridades civis e militares.<\/p>\n<p>\u201cAcompanhar a\u00e7\u00f5es t\u00e3o relevantes para nossas popula\u00e7\u00f5es ribeirinhas; participar de opera\u00e7\u00f5es conduzidas pelos meios da Flotilha de Mato Grosso, juntamente com helic\u00f3pteros e tropas de fuzileiros navais; presenciar a contribui\u00e7\u00e3o dada ao desenvolvimento do nosso povo e o zelo constante pela seguran\u00e7a da navega\u00e7\u00e3o s\u00e3o algumas das muitas a\u00e7\u00f5es cujo efeito sin\u00e9rgico nos revigora a cada dia\u201d, ressaltou em discurso, o Vice-Almirante Arentz, que esteve \u00e0 frente do Com6\u00baDN por um ano e sete meses.<\/p>\n<p>O Contra-Almirante Guida, antes de ser designado para o Com6\u00b0DN, ocupava o cargo de Secret\u00e1rio da Comiss\u00e3o Interministerial para os Recursos do Mar. Na ocasi\u00e3o da passagem, Guida destacou a gratid\u00e3o pela confian\u00e7a em receber o Comando de uma \u201cregi\u00e3o que, mesmo distante do mar, \u00e9 parcela importante da \u2018Amaz\u00f4nia Azul\u2019, grande produtora de riquezas para o nosso Pa\u00eds, e ponto de contato com duas na\u00e7\u00f5es amigas\u201d.<\/p>\n<p>Fonte: Marinha do Brasil \/ Foto: divulga\u00e7\u00e3o (esquerda para direita) Contra-Almirante Guida, Almirante de Esquadra Puntel e Vice-Almirante Arentz<\/p>\n","protected":false},"excerpt":{"rendered":"<p>Vice-Almirante Arentz ressaltou o privil\u00e9gio de ter comandando um distrito altamente operativo A Marinha do Brasil (MB) informou que no dia 16 de mar\u00e7o, aconteceu&#8230;<\/p>\n","protected":false},"author":1182,"featured_media":28797,"comment_status":"closed","ping_status":"open","sticky":false,"template":"","format":"standard","meta":{"footnotes":""},"categories":[6],"tags":[2856,1444,488],"class_list":["post-28779","post","type-post","status-publish","format-standard","has-post-thumbnail","hentry","category-noticias","tag-6o-distrito-naval","tag-comando","tag-passagem"],"_links":{"self":[{"href":"https:\/\/www.sincomam.org.br\/index.php\/wp-json\/wp\/v2\/posts\/28779","targetHints":{"allow":["GET"]}}],"collection":[{"href":"https:\/\/www.sincomam.org.br\/index.php\/wp-json\/wp\/v2\/posts"}],"about":[{"href":"https:\/\/www.sincomam.org.br\/index.php\/wp-json\/wp\/v2\/types\/post"}],"author":[{"embeddable":true,"href":"https:\/\/www.sincomam.org.br\/index.php\/wp-json\/wp\/v2\/users\/1182"}],"replies":[{"embeddable":true,"href":"https:\/\/www.sincomam.org.br\/index.php\/wp-json\/wp\/v2\/comments?post=28779"}],"version-history":[{"count":1,"href":"https:\/\/www.sincomam.org.br\/index.php\/wp-json\/wp\/v2\/posts\/28779\/revisions"}],"predecessor-version":[{"id":28781,"href":"https:\/\/www.sincomam.org.br\/index.php\/wp-json\/wp\/v2\/posts\/28779\/revisions\/28781"}],"wp:featuredmedia":[{"embeddable":true,"href":"https:\/\/www.sincomam.org.br\/index.php\/wp-json\/wp\/v2\/media\/28797"}],"wp:attachment":[{"href":"https:\/\/www.sincomam.org.br\/index.php\/wp-json\/wp\/v2\/media?parent=28779"}],"wp:term":[{"taxonomy":"category","embeddable":true,"href":"https:\/\/www.sincomam.org.br\/index.php\/wp-json\/wp\/v2\/categories?post=28779"},{"taxonomy":"post_tag","embeddable":true,"href":"https:\/\/www.sincomam.org.br\/index.php\/wp-json\/wp\/v2\/tags?post=28779"}],"curies":[{"name":"wp","href":"https:\/\/api.w.org\/{rel}","templated":true}]}}