{"id":28736,"date":"2020-04-23T10:02:00","date_gmt":"2020-04-23T13:02:00","guid":{"rendered":"http:\/\/www.sincomam.org.br\/?p=28736"},"modified":"2020-04-23T10:02:00","modified_gmt":"2020-04-23T13:02:00","slug":"coronavirus-atinge-261-trabalhadores-das-plataformas-da-petrobras","status":"publish","type":"post","link":"https:\/\/www.sincomam.org.br\/index.php\/coronavirus-atinge-261-trabalhadores-das-plataformas-da-petrobras\/","title":{"rendered":"Coronav\u00edrus atinge 261 trabalhadores das plataformas da Petrobras"},"content":{"rendered":"<p><strong>Profissionais infectados acessaram instala\u00e7\u00f5es de explora\u00e7\u00e3o e produ\u00e7\u00e3o (E&amp;P), diz estatal<\/strong><\/p>\n<p>A Petrobras informou na noite desta quarta-feira (22) que tem 261 colaboradores, entre pr\u00f3prios e terceirizados, contaminados pelo Covid-19, e que vem tomando todas as precau\u00e7\u00f5es para evitar a dissemina\u00e7\u00e3o do coronav\u00edrus em suas unidades.<\/p>\n<p>At\u00e9 a \u00faltima sexta-feira, a estatal havia registrado 160 casos de coronav\u00edrus, considerando funcion\u00e1rios pr\u00f3prios e terceirizados.<\/p>\n<p>A empresa disse ainda, em esclarecimento ao mercado, que para o setor offshore, considerando a caracter\u00edstica especial de confinamento, a companhia adotou medidas preventivas adicionais ainda mais rigorosas.<\/p>\n<p>As medidas incluem implementa\u00e7\u00e3o do isolamento domiciliar monitorado e triagem m\u00e9dica no pr\u00e9-embarque em plataformas, com suspens\u00e3o do embarque de quem apresentar qualquer sintoma durante os sete dias antes do embarque; desembarque imediato de todos os colaboradores com sintomas respirat\u00f3rios, diagnosticados pela equipe m\u00e9dica dedicada, ainda que n\u00e3o configurem quadro cl\u00ednico para a Covid-19. Al\u00e9m disso, a empresa realiza de teste r\u00e1pido para triagem no momento do embarque.<\/p>\n<p>Segundo a Ag\u00eancia Nacional do Petr\u00f3leo, G\u00e1s Natural e Biocombust\u00edveis (ANP), n\u00e3o h\u00e1 registro de mortes por covid-19 entre profissionais da \u00e1rea de E&amp;P ou que tenham acessado instala\u00e7\u00f5es mar\u00edtimas.<\/p>\n<p>Fonte: Reuters<\/p>\n","protected":false},"excerpt":{"rendered":"<p>Profissionais infectados acessaram instala\u00e7\u00f5es de explora\u00e7\u00e3o e produ\u00e7\u00e3o (E&amp;P), diz estatal A Petrobras informou na noite desta quarta-feira (22) que tem 261 colaboradores, entre pr\u00f3prios&#8230;<\/p>\n","protected":false},"author":1182,"featured_media":10689,"comment_status":"closed","ping_status":"closed","sticky":false,"template":"","format":"standard","meta":{"footnotes":""},"categories":[6],"tags":[249,1460,58,1652,76,1140],"class_list":["post-28736","post","type-post","status-publish","format-standard","has-post-thumbnail","hentry","category-noticias","tag-exploracao","tag-infectados","tag-petrobras","tag-plataformas","tag-producao","tag-trabalhadores"],"_links":{"self":[{"href":"https:\/\/www.sincomam.org.br\/index.php\/wp-json\/wp\/v2\/posts\/28736","targetHints":{"allow":["GET"]}}],"collection":[{"href":"https:\/\/www.sincomam.org.br\/index.php\/wp-json\/wp\/v2\/posts"}],"about":[{"href":"https:\/\/www.sincomam.org.br\/index.php\/wp-json\/wp\/v2\/types\/post"}],"author":[{"embeddable":true,"href":"https:\/\/www.sincomam.org.br\/index.php\/wp-json\/wp\/v2\/users\/1182"}],"replies":[{"embeddable":true,"href":"https:\/\/www.sincomam.org.br\/index.php\/wp-json\/wp\/v2\/comments?post=28736"}],"version-history":[{"count":1,"href":"https:\/\/www.sincomam.org.br\/index.php\/wp-json\/wp\/v2\/posts\/28736\/revisions"}],"predecessor-version":[{"id":28737,"href":"https:\/\/www.sincomam.org.br\/index.php\/wp-json\/wp\/v2\/posts\/28736\/revisions\/28737"}],"wp:featuredmedia":[{"embeddable":true,"href":"https:\/\/www.sincomam.org.br\/index.php\/wp-json\/wp\/v2\/media\/10689"}],"wp:attachment":[{"href":"https:\/\/www.sincomam.org.br\/index.php\/wp-json\/wp\/v2\/media?parent=28736"}],"wp:term":[{"taxonomy":"category","embeddable":true,"href":"https:\/\/www.sincomam.org.br\/index.php\/wp-json\/wp\/v2\/categories?post=28736"},{"taxonomy":"post_tag","embeddable":true,"href":"https:\/\/www.sincomam.org.br\/index.php\/wp-json\/wp\/v2\/tags?post=28736"}],"curies":[{"name":"wp","href":"https:\/\/api.w.org\/{rel}","templated":true}]}}