{"id":28733,"date":"2020-04-23T09:50:36","date_gmt":"2020-04-23T12:50:36","guid":{"rendered":"http:\/\/www.sincomam.org.br\/?p=28733"},"modified":"2020-04-23T09:50:36","modified_gmt":"2020-04-23T12:50:36","slug":"tribunal-maritimo-realiza-primeira-sessao-de-julgamento-por-videoconferencia","status":"publish","type":"post","link":"https:\/\/www.sincomam.org.br\/index.php\/tribunal-maritimo-realiza-primeira-sessao-de-julgamento-por-videoconferencia\/","title":{"rendered":"Tribunal Mar\u00edtimo realiza primeira sess\u00e3o de julgamento por videoconfer\u00eancia"},"content":{"rendered":"<p><em><strong>Sess\u00e3o prestou condol\u00eancias ao ex-diretor-geral da Secretaria do TM, Manoel Machado dos Anjos, v\u00edtima do coronav\u00edrus<\/strong><\/em><\/p>\n<p>No dia 22 de abril, o Tribunal Mar\u00edtimo (TM) realizou a primeira Sess\u00e3o de Julgamento por videoconfer\u00eancia em seus 85 anos de hist\u00f3ria. A iniciativa tem o objetivo de dar continuidade aos julgamentos enquanto perdurar o estado de emerg\u00eancia pelo COVID-19.<\/p>\n<p>Na abertura, o juiz-presidente do Tribunal Mar\u00edtimo, vice-almirante Wilson Pereira de Lima Filho, prestou homenagem ao ex-diretor-geral da Secretaria do TM, Manoel Machado dos Anjos, falecido no \u00faltimo dia 17 de abril, v\u00edtima do COVID-19, o qual exerceu sua fun\u00e7\u00e3o no per\u00edodo de 4 de julho de 1991 a 15 de agosto de 2014.<\/p>\n<p>A realiza\u00e7\u00e3o dos julgamentos por videoconfer\u00eancia foi estabelecida pela Portaria N\u00ba 20, de 8 de abril de 2020, e a convoca\u00e7\u00e3o de novas Sess\u00f5es se dar\u00e1 a crit\u00e9rio do juiz-presidente e ser\u00e1 garantido pleno acesso e participa\u00e7\u00e3o ao representante da Procuradoria Especial da Marinha e aos advogados das partes. A publicidade da Sess\u00e3o est\u00e1 garantida por sua transmiss\u00e3o ao vivo pelo canal do TM no Youtube.<\/p>\n<p>Aos advogados ser\u00e1 garantido o acesso ao ambiente virtual de transmiss\u00e3o para, remotamente, fazerem uso da palavra para a sustenta\u00e7\u00e3o oral e para esclarecerem eventuais quest\u00f5es de fato. O patrono que tiver interesse dever\u00e1 cumprir os requisitos do documento, entre eles se inscrever mediante envio de formul\u00e1rio disponibilizado no s\u00edtio eletr\u00f4nico do TM no endere\u00e7o www.marinha.mil.br\/tm. Tamb\u00e9m haver\u00e1 uma sala no TM com infraestrutura para sustenta\u00e7\u00e3o oral por videoconfer\u00eancia.<\/p>\n<p>Fonte: Portos e Navios \/ Foto: divulga\u00e7\u00e3o<\/p>\n","protected":false},"excerpt":{"rendered":"<p>Sess\u00e3o prestou condol\u00eancias ao ex-diretor-geral da Secretaria do TM, Manoel Machado dos Anjos, v\u00edtima do coronav\u00edrus No dia 22 de abril, o Tribunal Mar\u00edtimo (TM)&#8230;<\/p>\n","protected":false},"author":1182,"featured_media":28734,"comment_status":"closed","ping_status":"closed","sticky":false,"template":"","format":"standard","meta":{"footnotes":""},"categories":[6],"tags":[2752,193,2599,19,393],"class_list":["post-28733","post","type-post","status-publish","format-standard","has-post-thumbnail","hentry","category-noticias","tag-coronavirus","tag-homenagem","tag-julgamento","tag-maritimo","tag-tribunal"],"_links":{"self":[{"href":"https:\/\/www.sincomam.org.br\/index.php\/wp-json\/wp\/v2\/posts\/28733","targetHints":{"allow":["GET"]}}],"collection":[{"href":"https:\/\/www.sincomam.org.br\/index.php\/wp-json\/wp\/v2\/posts"}],"about":[{"href":"https:\/\/www.sincomam.org.br\/index.php\/wp-json\/wp\/v2\/types\/post"}],"author":[{"embeddable":true,"href":"https:\/\/www.sincomam.org.br\/index.php\/wp-json\/wp\/v2\/users\/1182"}],"replies":[{"embeddable":true,"href":"https:\/\/www.sincomam.org.br\/index.php\/wp-json\/wp\/v2\/comments?post=28733"}],"version-history":[{"count":1,"href":"https:\/\/www.sincomam.org.br\/index.php\/wp-json\/wp\/v2\/posts\/28733\/revisions"}],"predecessor-version":[{"id":28735,"href":"https:\/\/www.sincomam.org.br\/index.php\/wp-json\/wp\/v2\/posts\/28733\/revisions\/28735"}],"wp:featuredmedia":[{"embeddable":true,"href":"https:\/\/www.sincomam.org.br\/index.php\/wp-json\/wp\/v2\/media\/28734"}],"wp:attachment":[{"href":"https:\/\/www.sincomam.org.br\/index.php\/wp-json\/wp\/v2\/media?parent=28733"}],"wp:term":[{"taxonomy":"category","embeddable":true,"href":"https:\/\/www.sincomam.org.br\/index.php\/wp-json\/wp\/v2\/categories?post=28733"},{"taxonomy":"post_tag","embeddable":true,"href":"https:\/\/www.sincomam.org.br\/index.php\/wp-json\/wp\/v2\/tags?post=28733"}],"curies":[{"name":"wp","href":"https:\/\/api.w.org\/{rel}","templated":true}]}}