{"id":28708,"date":"2020-04-22T10:22:57","date_gmt":"2020-04-22T13:22:57","guid":{"rendered":"http:\/\/www.sincomam.org.br\/?p=28708"},"modified":"2020-04-22T10:25:11","modified_gmt":"2020-04-22T13:25:11","slug":"forcas-armadas-realizam-acoes-de-combate-ao-coronavirus-em-todo-o-pais","status":"publish","type":"post","link":"https:\/\/www.sincomam.org.br\/index.php\/forcas-armadas-realizam-acoes-de-combate-ao-coronavirus-em-todo-o-pais\/","title":{"rendered":"For\u00e7as Armadas realizam a\u00e7\u00f5es de combate ao coronav\u00edrus em todo o pa\u00eds"},"content":{"rendered":"<p><em><strong>Opera\u00e7\u00e3o conta com 816 viaturas, 102 embarca\u00e7\u00f5es e 26 aeronaves<\/strong><\/em><\/p>\n<p>O Minist\u00e9rio da Defesa informa que as For\u00e7as Armadas t\u00eam realizado in\u00fameras atividades de apoio a \u00f3rg\u00e3os p\u00fablicos e \u00e0 sociedade, com foco no combate ao novo Coronav\u00edrus. Desde 20 de mar\u00e7o, in\u00edcio da Opera\u00e7\u00e3o COVID-19, integrantes da Marinha, do Ex\u00e9rcito e da Aeron\u00e1utica atuam na desinfec\u00e7\u00e3o de locais p\u00fablicos, na repatria\u00e7\u00e3o de brasileiros, no transporte de insumos e materiais de sa\u00fade, na distribui\u00e7\u00e3o de alimentos, em a\u00e7\u00f5es de controle de seguran\u00e7a em fronteiras e embarca\u00e7\u00f5es, entre outras atividades.<\/p>\n<p>Segundo o Minist\u00e9rio, at\u00e9 o momento, mais de 29 mil militares atuaram na Opera\u00e7\u00e3o COVID-19. O trabalho conta com 816 viaturas, 102 embarca\u00e7\u00f5es e 26 aeronaves. Nesta ter\u00e7a-feira (21), uma aeronave C-98 Caravan decolou de Bras\u00edlia (DF) para Bel\u00e9m (PA) transportando materiais de sa\u00fade que ser\u00e3o usados no combate \u00e0 COVID-19. Na mesma data, houve ainda transporte de carga entre Jaragu\u00e1 do Sul (SC) e Boa Vista (RR). O Ex\u00e9rcito deslocou a carga do ponto de origem at\u00e9 a Base A\u00e9rea de Florian\u00f3polis. Uma aeronave da For\u00e7a A\u00e9rea Brasileira tamb\u00e9m decolou com 50 respiradores, 50 pedestais do equipamento e 115 camas, entregues na Ala 7, na capital roraimense.<\/p>\n<p><strong>Minas Gerais<\/strong><\/p>\n<p>Na 4\u00aa Regi\u00e3o Militar do Ex\u00e9rcito, localizada em Minas Gerais, cerca de 10 toneladas de alimentos n\u00e3o perec\u00edveis foram doadas a hospitais, institui\u00e7\u00f5es religiosas, lares de idosos, escolas e institui\u00e7\u00f5es carentes do estado. A arrecada\u00e7\u00e3o de alimentos foi coordenada pela Organiza\u00e7\u00e3o Militar.<\/p>\n<p><strong>Rio de Janeiro<\/strong><\/p>\n<p>No Rio de Janeiro, as For\u00e7as Armadas tamb\u00e9m participaram de campanhas de doa\u00e7\u00e3o de alimentos. O Grupamento Operativo de Fuzileiros Navais angariou 1.590 kg de g\u00eaneros, entregues nessa segunda-feira (20).<\/p>\n<p>A\u00e7\u00e3o de desinfec\u00e7\u00e3o das \u00e1reas de embarque e desembarque do Aeroporto Santos Dumont, no Rio de Janeiro (RJ), foi conduzida por integrantes do 1\u00ba Batalh\u00e3o de Defesa Qu\u00edmica, Biol\u00f3gica, Radiol\u00f3gica e Nuclear. Ainda participaram da atividade os militares da Escola de Instru\u00e7\u00e3o Especializada, que capacitaram funcion\u00e1rios, bombeiros civis e prestadores de servi\u00e7o do aeroporto para utilizarem os equipamentos de prote\u00e7\u00e3o individual e procederem corretamente o descarte dos materiais utilizados.<\/p>\n<p><strong>Cear\u00e1<\/strong><\/p>\n<p>Em Fortaleza (CE), o Comando Conjunto Nordeste, por meio da Capitania dos Portos do Cear\u00e1, realizou a desinfec\u00e7\u00e3o do porto da cidade. Cerca de trinta militares capacitados em descontamina\u00e7\u00e3o de ambientes, material e pessoal, orientados por militares especializados em Defesa Biol\u00f3gica, Nuclear, Qu\u00edmica e Radiol\u00f3gica participaram da atividade.<\/p>\n<p>Visando eliminar as chances de cont\u00e1gio de agentes patog\u00eanicos capazes de transmitir o novo Coronav\u00edrus, militares fizeram a desinfec\u00e7\u00e3o do Hospital e Odontocl\u00ednica da Aeron\u00e1utica de Recife. A a\u00e7\u00e3o foi desencadeada por 11 militares do Grupo de Seguran\u00e7a e Defesa, al\u00e9m de dois instrutores da Marinha.<\/p>\n<p><strong>Par\u00e1<\/strong><\/p>\n<p>Em Itaituba (PA), o 53\u00ba Batalh\u00e3o de Infantaria de Selva realizou higieniza\u00e7\u00e3o nas depend\u00eancias da A\u00e7\u00e3o Sorriso, ONG da cidade que desenvolve trabalho com pessoas que possuem necessidades especiais.<\/p>\n<p><strong>Santa Catarina<\/strong><\/p>\n<p>Em Porto Uni\u00e3o (SC), equipe de sa\u00fade do 5\u00ba Batalh\u00e3o de Engenharia de Combate Blindado, composta por m\u00e9dicos e t\u00e9cnicos de enfermagem, participou do Curso de Intuba\u00e7\u00e3o Orotraqueal em pacientes com coronav\u00edrus. A capacita\u00e7\u00e3o foi ministrada por equipe m\u00e9dica intensivista da Secret\u00e1ria de Sa\u00fade do estado.<\/p>\n<p>Fonte: Minist\u00e9rio da Defesa \/ Foto: Divulga\u00e7\u00e3o Opera\u00e7\u00e3o COVID-19<\/p>\n","protected":false},"excerpt":{"rendered":"<p>Opera\u00e7\u00e3o conta com 816 viaturas, 102 embarca\u00e7\u00f5es e 26 aeronaves O Minist\u00e9rio da Defesa informa que as For\u00e7as Armadas t\u00eam realizado in\u00fameras atividades de apoio&#8230;<\/p>\n","protected":false},"author":1182,"featured_media":28709,"comment_status":"closed","ping_status":"closed","sticky":false,"template":"","format":"standard","meta":{"footnotes":""},"categories":[6],"tags":[590,61,2840,2752,2751,2843,894,377],"class_list":["post-28708","post","type-post","status-publish","format-standard","has-post-thumbnail","hentry","category-noticias","tag-acoes","tag-brasil","tag-combate","tag-coronavirus","tag-covid-19","tag-enfrentamento","tag-forcas-armadas","tag-operacao"],"_links":{"self":[{"href":"https:\/\/www.sincomam.org.br\/index.php\/wp-json\/wp\/v2\/posts\/28708","targetHints":{"allow":["GET"]}}],"collection":[{"href":"https:\/\/www.sincomam.org.br\/index.php\/wp-json\/wp\/v2\/posts"}],"about":[{"href":"https:\/\/www.sincomam.org.br\/index.php\/wp-json\/wp\/v2\/types\/post"}],"author":[{"embeddable":true,"href":"https:\/\/www.sincomam.org.br\/index.php\/wp-json\/wp\/v2\/users\/1182"}],"replies":[{"embeddable":true,"href":"https:\/\/www.sincomam.org.br\/index.php\/wp-json\/wp\/v2\/comments?post=28708"}],"version-history":[{"count":1,"href":"https:\/\/www.sincomam.org.br\/index.php\/wp-json\/wp\/v2\/posts\/28708\/revisions"}],"predecessor-version":[{"id":28710,"href":"https:\/\/www.sincomam.org.br\/index.php\/wp-json\/wp\/v2\/posts\/28708\/revisions\/28710"}],"wp:featuredmedia":[{"embeddable":true,"href":"https:\/\/www.sincomam.org.br\/index.php\/wp-json\/wp\/v2\/media\/28709"}],"wp:attachment":[{"href":"https:\/\/www.sincomam.org.br\/index.php\/wp-json\/wp\/v2\/media?parent=28708"}],"wp:term":[{"taxonomy":"category","embeddable":true,"href":"https:\/\/www.sincomam.org.br\/index.php\/wp-json\/wp\/v2\/categories?post=28708"},{"taxonomy":"post_tag","embeddable":true,"href":"https:\/\/www.sincomam.org.br\/index.php\/wp-json\/wp\/v2\/tags?post=28708"}],"curies":[{"name":"wp","href":"https:\/\/api.w.org\/{rel}","templated":true}]}}