{"id":28674,"date":"2020-04-20T10:55:41","date_gmt":"2020-04-20T13:55:41","guid":{"rendered":"http:\/\/www.sincomam.org.br\/?p=28674"},"modified":"2020-04-20T10:55:41","modified_gmt":"2020-04-20T13:55:41","slug":"coronavirus-e-protestos-pressionam-exportacoes-da-petrobras-no-1o-tri","status":"publish","type":"post","link":"https:\/\/www.sincomam.org.br\/index.php\/coronavirus-e-protestos-pressionam-exportacoes-da-petrobras-no-1o-tri\/","title":{"rendered":"Coronav\u00edrus e protestos pressionam exporta\u00e7\u00f5es da Petrobras no 1\u00ba tri"},"content":{"rendered":"<p><em><strong>Pre\u00e7os do petr\u00f3leo no mercado internacional recuaram em 2020<\/strong><\/em><\/p>\n<p>A Petrobras tem sentido impactos do coronav\u00edrus nos pre\u00e7os de venda do seu petr\u00f3leo no primeiro trimestre do ano, em meio a uma redu\u00e7\u00e3o dos valores globais, enquanto a empresa aponta para o per\u00edodo uma poss\u00edvel diminui\u00e7\u00e3o das exporta\u00e7\u00f5es diante de paradas programadas de produ\u00e7\u00e3o, disse a diretora-executiva de Refino e G\u00e1s Natural.<\/p>\n<p>A petroleira, no entanto, n\u00e3o sentiu efeitos na demanda por seu produto, j\u00e1 que &#8220;todas as cargas que estavam previstas est\u00e3o embarcando normalmente&#8221;, pontuou Anelise Lara, ao participar de teleconfer\u00eancia com analistas de mercado sobre os resultados da empresa no ano passado.<\/p>\n<p>Os pre\u00e7os do petr\u00f3leo no mercado internacional recuaram neste ano, por expectativas de redu\u00e7\u00e3o da demanda por petr\u00f3leo, depois que a China, principal mercado externo da Petrobras, limitou o transporte de pessoas para evitar a propaga\u00e7\u00e3o do novo coronav\u00edrus, que teve origem no pa\u00eds.<\/p>\n<p>Atualmente, a China \u00e9 o destino de cerca de 65% do petr\u00f3leo vendido pela Petrobras, segundo a executiva. No entanto, a diretora ponderou que os mercados europeu e americano tamb\u00e9m est\u00e3o recebendo bem o petr\u00f3leo da companhia, pela qualidade do produto, com baixo teor de enxofre.<\/p>\n<p>Lara ressaltou, no entanto, declara\u00e7\u00e3o anterior do diretor-executivo de Explora\u00e7\u00e3o e Produ\u00e7\u00e3o, Carlos Alberto de Oliveira, de que est\u00e1 prevista uma maior concentra\u00e7\u00e3o de paradas programadas para manuten\u00e7\u00e3o de plataformas no primeiro semestre, com impacto na produ\u00e7\u00e3o.<\/p>\n<p><strong>Produ\u00e7\u00e3o de petr\u00f3leo <\/strong><\/p>\n<p>Durante a teleconfer\u00eancia, Oliveira adiantou que a produ\u00e7\u00e3o de petr\u00f3leo de janeiro ficou semelhante aos n\u00edveis registrados em dezembro, mas que os efeitos das paradas de plataformas programadas para o ano j\u00e1 come\u00e7aram a ser sentidos neste m\u00eas.<\/p>\n<p>Segundo ele, no entanto, a meta de extra\u00e7\u00e3o de petr\u00f3leo para o ano est\u00e1 mantida em 2,7 milh\u00f5es de barris de \u00f3leo equivalente por dia (boe\/d), podendo variar 2,5% para cima ou para baixo. O custo de extra\u00e7\u00e3o total previsto para 2020 dever\u00e1 ficar em 8 d\u00f3lares\/boe.<\/p>\n<p>O diretor tamb\u00e9m comentou os trabalhos da empresa programados para a \u00e1rea de B\u00fazios, onde a empresa aumentou seus direitos em leil\u00e3o da cess\u00e3o onerosa realizado no ano passado.<\/p>\n<p>Fonte: Reuters, no Rio de Janeiro \/ Marta Nogueira e Gram Slattery<\/p>\n","protected":false},"excerpt":{"rendered":"<p>Pre\u00e7os do petr\u00f3leo no mercado internacional recuaram em 2020 A Petrobras tem sentido impactos do coronav\u00edrus nos pre\u00e7os de venda do seu petr\u00f3leo no primeiro&#8230;<\/p>\n","protected":false},"author":1182,"featured_media":18000,"comment_status":"closed","ping_status":"closed","sticky":false,"template":"","format":"standard","meta":{"footnotes":""},"categories":[6],"tags":[2836,2752,151,663,58,78,784,59],"class_list":["post-28674","post","type-post","status-publish","format-standard","has-post-thumbnail","hentry","category-noticias","tag-analistas","tag-coronavirus","tag-exportacao","tag-mercado","tag-petrobras","tag-petroleo","tag-protesto","tag-rio-de-janeiro"],"_links":{"self":[{"href":"https:\/\/www.sincomam.org.br\/index.php\/wp-json\/wp\/v2\/posts\/28674","targetHints":{"allow":["GET"]}}],"collection":[{"href":"https:\/\/www.sincomam.org.br\/index.php\/wp-json\/wp\/v2\/posts"}],"about":[{"href":"https:\/\/www.sincomam.org.br\/index.php\/wp-json\/wp\/v2\/types\/post"}],"author":[{"embeddable":true,"href":"https:\/\/www.sincomam.org.br\/index.php\/wp-json\/wp\/v2\/users\/1182"}],"replies":[{"embeddable":true,"href":"https:\/\/www.sincomam.org.br\/index.php\/wp-json\/wp\/v2\/comments?post=28674"}],"version-history":[{"count":1,"href":"https:\/\/www.sincomam.org.br\/index.php\/wp-json\/wp\/v2\/posts\/28674\/revisions"}],"predecessor-version":[{"id":28679,"href":"https:\/\/www.sincomam.org.br\/index.php\/wp-json\/wp\/v2\/posts\/28674\/revisions\/28679"}],"wp:featuredmedia":[{"embeddable":true,"href":"https:\/\/www.sincomam.org.br\/index.php\/wp-json\/wp\/v2\/media\/18000"}],"wp:attachment":[{"href":"https:\/\/www.sincomam.org.br\/index.php\/wp-json\/wp\/v2\/media?parent=28674"}],"wp:term":[{"taxonomy":"category","embeddable":true,"href":"https:\/\/www.sincomam.org.br\/index.php\/wp-json\/wp\/v2\/categories?post=28674"},{"taxonomy":"post_tag","embeddable":true,"href":"https:\/\/www.sincomam.org.br\/index.php\/wp-json\/wp\/v2\/tags?post=28674"}],"curies":[{"name":"wp","href":"https:\/\/api.w.org\/{rel}","templated":true}]}}