{"id":28668,"date":"2020-04-20T10:19:47","date_gmt":"2020-04-20T13:19:47","guid":{"rendered":"http:\/\/www.sincomam.org.br\/?p=28668"},"modified":"2020-04-20T10:42:12","modified_gmt":"2020-04-20T13:42:12","slug":"governadores-de-20-estados-divulgam-carta-aberta-em-defesa-da-democracia","status":"publish","type":"post","link":"https:\/\/www.sincomam.org.br\/index.php\/governadores-de-20-estados-divulgam-carta-aberta-em-defesa-da-democracia\/","title":{"rendered":"Governadores de 20 estados divulgam Carta Aberta em defesa da democracia"},"content":{"rendered":"<p><strong><em>Documento foi assinado contra a postura do presidente Jair Bolsonaro perante os debates com o Poder Legislativo<\/em><\/strong><\/p>\n<p>O F\u00f3rum Nacional de Governadores divulgou neste domingo (19), uma Carta Aberta em defesa da democracia, ap\u00f3s o presidente Jair Bolsonaro discursar para manifestantes, que defendiam a interven\u00e7\u00e3o militar, em Bras\u00edlia. Ao todo, 20 governadores assinaram o documento.<\/p>\n<p>No documento, os gestores apoiam o Presidente do Senado, Davi Alcolumbre, e o Presidente da C\u00e2mara dos Deputados, Rodrigo Maia. \u201cO F\u00f3rum Nacional de Governadores manifesta apoio ao Presidente do Senado Federal, Davi Alcolumbre, e ao Presidente da C\u00e2mara dos Deputados, Rodrigo Maia, diante das declara\u00e7\u00f5es do Presidente da Rep\u00fablica, Jair Bolsonaro, sobre a postura dos dois l\u00edderes do parlamento brasileiro, afrontando princ\u00edpios democr\u00e1ticos que fundamentam nossa na\u00e7\u00e3o\u201d, diz trecho do documento.<\/p>\n<p>Confira aqui a carta na \u00edntegra:<\/p>\n<p style=\"text-align: center;\"><strong>CARTA ABERTA \u00c0 SOCIEDADE BRASILEIRA EM DEFESA DA DEMOCRACIA<\/strong><\/p>\n<p>O F\u00f3rum Nacional de Governadores manifesta apoio ao Presidente do Senado Federal, Davi Alcolumbre, e ao Presidente da C\u00e2mara dos Deputados, Rodrigo Maia, diante das declara\u00e7\u00f5es do Presidente da Rep\u00fablica, Jair Bolsonaro, sobre a postura dos dois l\u00edderes do parlamento brasileiro, afrontando princ\u00edpios democr\u00e1ticos que fundamentam nossa na\u00e7\u00e3o.<\/p>\n<p>Nesse momento em que o mundo vive uma das suas maiores crises, temos testemunhado o empenho com que os presidentes do Senado e da C\u00e2mara t\u00eam se conduzido, dedicando especial aten\u00e7\u00e3o \u00e0s necessidades dos Estados, do Distrito Federal e dos Munic\u00edpios brasileiros. Ambos demonstram estar cientes de que \u00e9 nessas inst\u00e2ncias que se d\u00e1 a mais dura luta contra nosso inimigo comum, o coronav\u00edrus, e onde, portanto, precisam ser concentrados os maiores esfor\u00e7os de socorro federativo.<\/p>\n<p>Nossa a\u00e7\u00e3o nos Estados, no Distrito Federal e nos Munic\u00edpios tem sido pautada pelos indicativos da ci\u00eancia, por orienta\u00e7\u00f5es de profissionais da sa\u00fade e pela experi\u00eancia de pa\u00edses que j\u00e1 enfrentaram etapas mais duras da pandemia, buscando, neste caso, evitar escolhas malsucedidas e seguir as exitosas.<\/p>\n<p>N\u00e3o julgamos haver conflitos inconcili\u00e1veis entre a salvaguarda da sa\u00fade da popula\u00e7\u00e3o e a prote\u00e7\u00e3o da economia nacional, ainda que os momentos para agir mais diretamente em defesa de uma e de outra possam ser distintos.<\/p>\n<p>Consideramos fundamental superar nossas eventuais diferen\u00e7as atrav\u00e9s do esfor\u00e7o do di\u00e1logo democr\u00e1tico e desprovido de vaidades.<\/p>\n<p>A sa\u00fade e a vida do povo brasileiro devem estar muito acima de interesses pol\u00edticos, em especial nesse momento de crise.<\/p>\n<p style=\"text-align: right;\">Bras\u00edlia, 18 de abril de 2020.<\/p>\n<p style=\"text-align: center;\">RENAN FILHO<\/p>\n<p style=\"text-align: center;\">Governador do Estado de Alagoas<\/p>\n<p style=\"text-align: center;\">WALDEZ G\u00d3ES<\/p>\n<p style=\"text-align: center;\">Governador do Estado do Amap\u00e1<\/p>\n<p style=\"text-align: center;\">RUI COSTA<\/p>\n<p style=\"text-align: center;\">Governador do Estado da Bahia<\/p>\n<p><a href=\"https:\/\/www.sincomam.org.br\/wp-content\/uploads\/2020\/04\/LISTA-GOVERNADORES.jpg\">Clique aqui e<\/a> veja a lista da assinatura dos Governadores.<\/p>\n","protected":false},"excerpt":{"rendered":"<p>Documento foi assinado contra a postura do presidente Jair Bolsonaro perante os debates com o Poder Legislativo O F\u00f3rum Nacional de Governadores divulgou neste domingo&#8230;<\/p>\n","protected":false},"author":1182,"featured_media":28670,"comment_status":"closed","ping_status":"closed","sticky":false,"template":"","format":"standard","meta":{"footnotes":""},"categories":[6],"tags":[2550,1301,295,2834,2835],"class_list":["post-28668","post","type-post","status-publish","format-standard","has-post-thumbnail","hentry","category-noticias","tag-carta-aberta","tag-divulgacao","tag-documento","tag-governadores","tag-jair-bolsonaro"],"_links":{"self":[{"href":"https:\/\/www.sincomam.org.br\/index.php\/wp-json\/wp\/v2\/posts\/28668","targetHints":{"allow":["GET"]}}],"collection":[{"href":"https:\/\/www.sincomam.org.br\/index.php\/wp-json\/wp\/v2\/posts"}],"about":[{"href":"https:\/\/www.sincomam.org.br\/index.php\/wp-json\/wp\/v2\/types\/post"}],"author":[{"embeddable":true,"href":"https:\/\/www.sincomam.org.br\/index.php\/wp-json\/wp\/v2\/users\/1182"}],"replies":[{"embeddable":true,"href":"https:\/\/www.sincomam.org.br\/index.php\/wp-json\/wp\/v2\/comments?post=28668"}],"version-history":[{"count":1,"href":"https:\/\/www.sincomam.org.br\/index.php\/wp-json\/wp\/v2\/posts\/28668\/revisions"}],"predecessor-version":[{"id":28671,"href":"https:\/\/www.sincomam.org.br\/index.php\/wp-json\/wp\/v2\/posts\/28668\/revisions\/28671"}],"wp:featuredmedia":[{"embeddable":true,"href":"https:\/\/www.sincomam.org.br\/index.php\/wp-json\/wp\/v2\/media\/28670"}],"wp:attachment":[{"href":"https:\/\/www.sincomam.org.br\/index.php\/wp-json\/wp\/v2\/media?parent=28668"}],"wp:term":[{"taxonomy":"category","embeddable":true,"href":"https:\/\/www.sincomam.org.br\/index.php\/wp-json\/wp\/v2\/categories?post=28668"},{"taxonomy":"post_tag","embeddable":true,"href":"https:\/\/www.sincomam.org.br\/index.php\/wp-json\/wp\/v2\/tags?post=28668"}],"curies":[{"name":"wp","href":"https:\/\/api.w.org\/{rel}","templated":true}]}}