{"id":28618,"date":"2020-04-17T10:28:35","date_gmt":"2020-04-17T13:28:35","guid":{"rendered":"http:\/\/www.sincomam.org.br\/?p=28618"},"modified":"2020-04-17T10:32:24","modified_gmt":"2020-04-17T13:32:24","slug":"brasil-atinge-30-mil-casos-e-mais-de-2-mil-mortes-por-coronavirus","status":"publish","type":"post","link":"https:\/\/www.sincomam.org.br\/index.php\/brasil-atinge-30-mil-casos-e-mais-de-2-mil-mortes-por-coronavirus\/","title":{"rendered":"Brasil atinge 30 mil casos e mais de 2 mil mortes por coronav\u00edrus"},"content":{"rendered":"<p><strong><em>Segundo dados do Minist\u00e9rio da Sa\u00fade a taxa de letalidade da doen\u00e7a no pa\u00eds \u00e9 de 6,3%. A cidade de SP recomendou o uso de m\u00e1scaras<\/em><\/strong><\/p>\n<p>Com mais 2.105 novas confirma\u00e7\u00f5es, o Brasil atingiu a marca de 30.425 pessoas infectadas por coronav\u00edrus (causador da covid-19), segundo dados do Minist\u00e9rio da Sa\u00fade divulgados nesta quinta-feira, 16. O n\u00famero de \u00f3bitos cresceu 188 desde o \u00faltimo balan\u00e7o e agora s\u00e3o 1.924. A taxa de letalidade da doen\u00e7a \u00e9 de 6,3%.<\/p>\n<p>O estado de S\u00e3o Paulo continua sendo o mais afetado, com 853 \u00f3bitos e 11.568 casos confirmados da doen\u00e7a. Outros estados tamb\u00e9m passaram a marca dos mil infectados: Rio de Janeiro (3.944 casos e 300 mortes), Cear\u00e1 (2.386 casos e 124 mortes), Amazonas (1.719 casos e 124 mortes) e Pernambuco (1.683 casos e 160 mortes).<\/p>\n<p>O coronav\u00edrus provocou o primeiro recuo em meio s\u00e9culo na economia da China. O PIB chin\u00eas encolheu 6,8% no primeiro trimestre de 2020, segundo dados desta sexta-feira (17), em decorr\u00eancia da crise econ\u00f4mica provocada pela pandemia.<\/p>\n<p><strong>Uso de m\u00e1scaras<\/strong><\/p>\n<p>A Prefeitura de S\u00e3o Paulo publicou nesta quinta-feira, 16, um decreto que recomenda o uso de m\u00e1scaras de prote\u00e7\u00e3o facial por toda a popula\u00e7\u00e3o da cidade durante a pandemia. A medida segue orienta\u00e7\u00e3o da Organiza\u00e7\u00e3o Mundial de Sa\u00fade (OMS) e do Minist\u00e9rio da Sa\u00fade ao indicar o uso preferencial dos itens caseiros, feitos com tecidos, para n\u00e3o desabastecer o sistema de sa\u00fade.<\/p>\n<p><strong>Mandetta demitido<\/strong><\/p>\n<p>Ap\u00f3s semanas de conflito e em meio \u00e0 pandemia do novo coronav\u00edrus no Brasil, o Presidente Jair Bolsonaro demitiu o Ministro da Sa\u00fade, Luiz Henrique Mandetta. A decis\u00e3o foi confirmada por Mandetta no Twitter. O novo ministro da Sa\u00fade, Nelson Teich, assumiu o comando da estrat\u00e9gia de enfrentamento da doen\u00e7a com um discurso em que tenta conciliar isolamento social e incentivos para a economia.<\/p>\n<p>Fonte: Exame \/ Estad\u00e3o Conte\u00fado<\/p>\n","protected":false},"excerpt":{"rendered":"<p>Segundo dados do Minist\u00e9rio da Sa\u00fade a taxa de letalidade da doen\u00e7a no pa\u00eds \u00e9 de 6,3%. A cidade de SP recomendou o uso de&#8230;<\/p>\n","protected":false},"author":1182,"featured_media":28361,"comment_status":"closed","ping_status":"closed","sticky":false,"template":"","format":"standard","meta":{"footnotes":""},"categories":[6],"tags":[61,2752,2762,1005],"class_list":["post-28618","post","type-post","status-publish","format-standard","has-post-thumbnail","hentry","category-noticias","tag-brasil","tag-coronavirus","tag-mandetta","tag-mortes"],"_links":{"self":[{"href":"https:\/\/www.sincomam.org.br\/index.php\/wp-json\/wp\/v2\/posts\/28618","targetHints":{"allow":["GET"]}}],"collection":[{"href":"https:\/\/www.sincomam.org.br\/index.php\/wp-json\/wp\/v2\/posts"}],"about":[{"href":"https:\/\/www.sincomam.org.br\/index.php\/wp-json\/wp\/v2\/types\/post"}],"author":[{"embeddable":true,"href":"https:\/\/www.sincomam.org.br\/index.php\/wp-json\/wp\/v2\/users\/1182"}],"replies":[{"embeddable":true,"href":"https:\/\/www.sincomam.org.br\/index.php\/wp-json\/wp\/v2\/comments?post=28618"}],"version-history":[{"count":3,"href":"https:\/\/www.sincomam.org.br\/index.php\/wp-json\/wp\/v2\/posts\/28618\/revisions"}],"predecessor-version":[{"id":28622,"href":"https:\/\/www.sincomam.org.br\/index.php\/wp-json\/wp\/v2\/posts\/28618\/revisions\/28622"}],"wp:featuredmedia":[{"embeddable":true,"href":"https:\/\/www.sincomam.org.br\/index.php\/wp-json\/wp\/v2\/media\/28361"}],"wp:attachment":[{"href":"https:\/\/www.sincomam.org.br\/index.php\/wp-json\/wp\/v2\/media?parent=28618"}],"wp:term":[{"taxonomy":"category","embeddable":true,"href":"https:\/\/www.sincomam.org.br\/index.php\/wp-json\/wp\/v2\/categories?post=28618"},{"taxonomy":"post_tag","embeddable":true,"href":"https:\/\/www.sincomam.org.br\/index.php\/wp-json\/wp\/v2\/tags?post=28618"}],"curies":[{"name":"wp","href":"https:\/\/api.w.org\/{rel}","templated":true}]}}