{"id":28554,"date":"2020-04-16T09:38:12","date_gmt":"2020-04-16T12:38:12","guid":{"rendered":"http:\/\/www.sincomam.org.br\/?p=28554"},"modified":"2020-04-16T09:55:42","modified_gmt":"2020-04-16T12:55:42","slug":"coronavoucher-calendario-de-pagamentos-desta-semana-a-partir-do-dia-13-de-abril","status":"publish","type":"post","link":"https:\/\/www.sincomam.org.br\/index.php\/coronavoucher-calendario-de-pagamentos-desta-semana-a-partir-do-dia-13-de-abril\/","title":{"rendered":"Coronavoucher: calend\u00e1rio de pagamentos a partir do dia 13 de abril"},"content":{"rendered":"<p>O aux\u00edlio emergencial ser\u00e1 pago para trabalhadores informais, desempregados, contribuintes individuais do INSS e MEIs.<\/p>\n<ol>\n<li><strong>Benefici\u00e1rios do Bolsa Fam\u00edlia &#8211; <\/strong>Quem recebe o Bolsa Fam\u00edlia e tem direito ao pagamento vai receber o cr\u00e9dito do aux\u00edlio automaticamente, no mesmo calend\u00e1rio e da mesma forma do benef\u00edcio regular. Entre o Bolsa Fam\u00edlia e o Aux\u00edlio Emergencial, ser\u00e1\u0301 creditado o benef\u00edcio de maior valor, para todos que tiverem direito. Nesta semana receber\u00e3o 2.719.810 benefici\u00e1rios do Bolsa Fam\u00edlia, conforme calend\u00e1rio:<\/li>\n<\/ol>\n<ul>\n<li><strong>Quinta-feira (16): <\/strong>1.360.024 Benefici\u00e1rios do Bolsa Fam\u00edlia cujo \u00faltimo d\u00edgito do NIS e\u0301 igual a 1;<\/li>\n<li><strong>Sexta-feira (17): <\/strong>1.359.786 Benefici\u00e1rios do Bolsa Fam\u00edlia cujo \u00faltimo d\u00edgito do NIS e\u0301 igual a 2.<\/li>\n<\/ul>\n<ol start=\"2\">\n<li><strong>Inscritos no Cadastro \u00danico que n\u00e3o recebem Bolsa Fam\u00edlia &#8211; <\/strong>Recebem a partir de ter\u00e7a-feira (13) inscritos no Cadastro \u00danico at\u00e9 20 de mar\u00e7o \u00faltimo, que n\u00e3o recebem Bolsa Fam\u00edlia e que tiveram os crit\u00e9rios de elegibilidade verificados pela Dataprev, incluindo o grupo de mulheres chefes de fam\u00edlia, que poder\u00e3o ter direito a R$ 1,2 mil.<\/li>\n<\/ol>\n<ul>\n<li><strong>Terc\u0327a-feira (14): <\/strong>273.178 Pessoas que possuem conta no Banco do Brasil \/ 557.835 Pessoas nascidas em janeiro, que receber\u00e3o pela poupan\u00e7a digital da Caixa (a partir das 12h);<\/li>\n<li><strong>Quarta-feira (15): <\/strong>1.635.291 Pessoas nascidas em fevereiro, mar\u00e7o e abril, que receber\u00e3o via poupan\u00e7a digital da Caixa;<\/li>\n<li><strong>Quinta-feira (16): <\/strong>2.282.321 Pessoas nascidas em maio, junho, julho e agosto, que receber\u00e3o pela poupan\u00e7a digital da Caixa;<\/li>\n<li><strong>Sexta-feira (17): <\/strong>1.958.268 Pessoas nascidas em setembro, outubro, novembro e dezembro, que receber\u00e3o via poupan\u00e7a digital da Caixa.<\/li>\n<\/ul>\n<ol start=\"3\">\n<li><strong> Cadastrados no app e site: <\/strong>Para os trabalhadores que se cadastraram pelo aplicativo e pelo site do Aux\u00edlio Emergencial, e que cumprirem com os crit\u00e9rios para recebimento do benef\u00edcio, os valores come\u00e7ar\u00e3o a ser pagos nesta quinta-feira (16), na conta indicada ou em poupan\u00e7a digital na Caixa Econ\u00f4mica Federal. At\u00e9 \u00e0s 17h de quarta-feira (15), o volume dos que se cadastraram por estes canais superava 36,3 milh\u00f5es de pessoas.<\/li>\n<\/ol>\n<p><strong>Caixa abrir\u00e1 conta poupan\u00e7a digital<\/strong><\/p>\n<p>A Caixa abrir\u00e1 automaticamente as contas de poupan\u00e7a digitais para os benefici\u00e1rios considerados aptos a receber o aux\u00edlio emergencial e que n\u00e3o tenham outra conta banc\u00e1ria nem sejam benefici\u00e1rios do Bolsa Fam\u00edlia. Os que receberem o cr\u00e9dito por meio da conta digital poder\u00e3o efetuar transfer\u00eancias ilimitadas entre contas da Caixa ou realizar gratuitamente at\u00e9 tr\u00eas transfer\u00eancias para outros bancos a cada m\u00eas, pelos pr\u00f3ximos 90 dias. Al\u00e9m disso, podem pagar boletos e contas de \u00e1gua, luz, telefone, entre outras. A conta \u00e9 isenta de tarifas.<\/p>\n<p>O acesso \u00e0 conta \u00e9 feito pelo aplicativo <strong>CAIXA Tem,<\/strong> que pode ser baixado na loja de aplicativos dos smartphones. Para evitar aglomera\u00e7\u00f5es nas ag\u00eancias, a Caixa estabeleceu um calend\u00e1rio para os benefici\u00e1rios que quiserem sacar em dinheiro o valor depositado nas poupan\u00e7as digitais abertas para os trabalhadores:<\/p>\n<ul>\n<li>27 de abril \u2013 nascidos em janeiro e fevereiro<\/li>\n<li>28 de abril \u2013 nascidos em mar\u00e7o e abril<\/li>\n<li>29 de abril \u2013 nascidos em maio e junho<\/li>\n<li>30 de abril \u2013 nascidos julho e agosto<\/li>\n<li>4 de maio \u2013 nascidos em setembro e outubro<\/li>\n<li>5 de maio \u2013 nascidos em novembro e dezembro<\/li>\n<\/ul>\n<p>Fonte: G1<\/p>\n<p>&nbsp;<\/p>\n","protected":false},"excerpt":{"rendered":"<p>O aux\u00edlio emergencial ser\u00e1 pago para trabalhadores informais, desempregados, contribuintes individuais do INSS e MEIs. Benefici\u00e1rios do Bolsa Fam\u00edlia &#8211; Quem recebe o Bolsa Fam\u00edlia&#8230;<\/p>\n","protected":false},"author":1182,"featured_media":18121,"comment_status":"closed","ping_status":"closed","sticky":false,"template":"","format":"standard","meta":{"footnotes":""},"categories":[6],"tags":[1757,2377,1061,61,1588,2817,2781,432,204,2818],"class_list":["post-28554","post","type-post","status-publish","format-standard","has-post-thumbnail","hentry","category-noticias","tag-auxilio","tag-beneficio","tag-bolsa-familia","tag-brasil","tag-cadastro","tag-calendario","tag-coronavoucher","tag-emergencial","tag-pagamento","tag-unico"],"_links":{"self":[{"href":"https:\/\/www.sincomam.org.br\/index.php\/wp-json\/wp\/v2\/posts\/28554","targetHints":{"allow":["GET"]}}],"collection":[{"href":"https:\/\/www.sincomam.org.br\/index.php\/wp-json\/wp\/v2\/posts"}],"about":[{"href":"https:\/\/www.sincomam.org.br\/index.php\/wp-json\/wp\/v2\/types\/post"}],"author":[{"embeddable":true,"href":"https:\/\/www.sincomam.org.br\/index.php\/wp-json\/wp\/v2\/users\/1182"}],"replies":[{"embeddable":true,"href":"https:\/\/www.sincomam.org.br\/index.php\/wp-json\/wp\/v2\/comments?post=28554"}],"version-history":[{"count":5,"href":"https:\/\/www.sincomam.org.br\/index.php\/wp-json\/wp\/v2\/posts\/28554\/revisions"}],"predecessor-version":[{"id":28562,"href":"https:\/\/www.sincomam.org.br\/index.php\/wp-json\/wp\/v2\/posts\/28554\/revisions\/28562"}],"wp:featuredmedia":[{"embeddable":true,"href":"https:\/\/www.sincomam.org.br\/index.php\/wp-json\/wp\/v2\/media\/18121"}],"wp:attachment":[{"href":"https:\/\/www.sincomam.org.br\/index.php\/wp-json\/wp\/v2\/media?parent=28554"}],"wp:term":[{"taxonomy":"category","embeddable":true,"href":"https:\/\/www.sincomam.org.br\/index.php\/wp-json\/wp\/v2\/categories?post=28554"},{"taxonomy":"post_tag","embeddable":true,"href":"https:\/\/www.sincomam.org.br\/index.php\/wp-json\/wp\/v2\/tags?post=28554"}],"curies":[{"name":"wp","href":"https:\/\/api.w.org\/{rel}","templated":true}]}}