{"id":28537,"date":"2020-04-15T10:49:50","date_gmt":"2020-04-15T13:49:50","guid":{"rendered":"http:\/\/www.sincomam.org.br\/?p=28537"},"modified":"2020-04-15T10:49:50","modified_gmt":"2020-04-15T13:49:50","slug":"movimentacao-de-conteineres-no-porto-de-itajai-cresce-22","status":"publish","type":"post","link":"https:\/\/www.sincomam.org.br\/index.php\/movimentacao-de-conteineres-no-porto-de-itajai-cresce-22\/","title":{"rendered":"Movimenta\u00e7\u00e3o de cont\u00eaineres no Porto de Itaja\u00ed cresce 22%"},"content":{"rendered":"<p><strong><em>Com encerramento do m\u00eas mar\u00e7o, o porto registra n\u00fameros positivos na tonelagem e atraca\u00e7\u00f5es<\/em><\/strong><\/p>\n<p>Em mar\u00e7o de 2020, o do Porto de Itaja\u00ed (cais p\u00fablico e APM Terminals) registrou crescimento em seus principais indicadores de movimenta\u00e7\u00e3o: tonelagem, n\u00famero de atraca\u00e7\u00f5es e TEU\u2019s (unidade de medida equivalente a um cont\u00eainer de 20 p\u00e9s). Os \u00edndices foram apresentados no relat\u00f3rio estat\u00edstico da Superintend\u00eancia do Porto de Itaja\u00ed.<\/p>\n<p>Segundo o relat\u00f3rio, os ber\u00e7os p\u00fablicos (3 e 4) e da APM Terminals (1 e 2) movimentaram 46.552 TEU\u2019s \u2013 destacando um crescimento de 21% no comparativo a mar\u00e7o de 2019, em que foi registrada a movimenta\u00e7\u00e3o de 38.582 TEU\u2019s. O documento ressalta, ainda, que atracaram nos ber\u00e7os p\u00fablicos 44 navios, 19% a mais que no mesmo per\u00edodo de 2019, que registrou 37 embarca\u00e7\u00f5es. No indicativo de tonelagem, o crescimento foi de 17%. Foram movimentadas 524.960 toneladas contra 449.345 toneladas no mesmo per\u00edodo de 2019.<\/p>\n<p>Com os n\u00fameros apresentados em mar\u00e7o, o primeiro trimestre de 2020 encerra com crescimento de 19% na tonelagem e 22% na movimenta\u00e7\u00e3o de TEU\u2019s. Foram movimentados 1.451.186 toneladas e 130.042 TEU\u2019s, contra 1.220.314 toneladas e 106.688 TEU\u2019s no primeiro trimestre 2019. Em rela\u00e7\u00e3o as embarca\u00e7\u00f5es, foram 129 atraca\u00e7\u00f5es contra 111 no mesmo per\u00edodo do ano passado, com crescimento de 16%.<\/p>\n<p>\u201cNo final do ano passado a gente demonstrava uma tend\u00eancia de crescimento pujante. Esses \u00edndices de dois d\u00edgitos, que n\u00e3o s\u00e3o normais, refletem a atividade econ\u00f4mica do Brasil que naquele momento, antes do surto provocado pelo coronav\u00edrus, demonstrava um aquecimento fant\u00e1stico. Esse crescimento de 21% em mar\u00e7o e 22% no trimestre n\u00e3o \u00e9 isolado, \u00e9 resultado do acumulado do crescimento de 150% dos \u00faltimos tr\u00eas anos. Isso nos deixa muito felizes, porque n\u00e3o \u00e9 s\u00f3 falar sobre n\u00fameros estat\u00edsticos, \u00e9 falar da gera\u00e7\u00e3o e manuten\u00e7\u00e3o de emprego, da gera\u00e7\u00e3o de riqueza em Santa Catarina que \u00e9 o que nos motiva a enfrentar todas essas adversidades. Se olharmos o todo, essa atividade tem uma import\u00e2ncia socioecon\u00f4mica muito expressiva\u201d, ressaltou o Superintendente do Porto de Itaja\u00ed, Eng\u00ba. Marcelo Werner Salles.<\/p>\n<p>Fonte: SECOM \/ Porto Itaja\u00ed<\/p>\n","protected":false},"excerpt":{"rendered":"<p>Com encerramento do m\u00eas mar\u00e7o, o porto registra n\u00fameros positivos na tonelagem e atraca\u00e7\u00f5es Em mar\u00e7o de 2020, o do Porto de Itaja\u00ed (cais p\u00fablico&#8230;<\/p>\n","protected":false},"author":1182,"featured_media":6990,"comment_status":"closed","ping_status":"closed","sticky":false,"template":"","format":"standard","meta":{"footnotes":""},"categories":[6],"tags":[585,170,291,237,80],"class_list":["post-28537","post","type-post","status-publish","format-standard","has-post-thumbnail","hentry","category-noticias","tag-conteineres","tag-crescimento","tag-itajai","tag-movimentacao","tag-porto"],"_links":{"self":[{"href":"https:\/\/www.sincomam.org.br\/index.php\/wp-json\/wp\/v2\/posts\/28537","targetHints":{"allow":["GET"]}}],"collection":[{"href":"https:\/\/www.sincomam.org.br\/index.php\/wp-json\/wp\/v2\/posts"}],"about":[{"href":"https:\/\/www.sincomam.org.br\/index.php\/wp-json\/wp\/v2\/types\/post"}],"author":[{"embeddable":true,"href":"https:\/\/www.sincomam.org.br\/index.php\/wp-json\/wp\/v2\/users\/1182"}],"replies":[{"embeddable":true,"href":"https:\/\/www.sincomam.org.br\/index.php\/wp-json\/wp\/v2\/comments?post=28537"}],"version-history":[{"count":1,"href":"https:\/\/www.sincomam.org.br\/index.php\/wp-json\/wp\/v2\/posts\/28537\/revisions"}],"predecessor-version":[{"id":28538,"href":"https:\/\/www.sincomam.org.br\/index.php\/wp-json\/wp\/v2\/posts\/28537\/revisions\/28538"}],"wp:featuredmedia":[{"embeddable":true,"href":"https:\/\/www.sincomam.org.br\/index.php\/wp-json\/wp\/v2\/media\/6990"}],"wp:attachment":[{"href":"https:\/\/www.sincomam.org.br\/index.php\/wp-json\/wp\/v2\/media?parent=28537"}],"wp:term":[{"taxonomy":"category","embeddable":true,"href":"https:\/\/www.sincomam.org.br\/index.php\/wp-json\/wp\/v2\/categories?post=28537"},{"taxonomy":"post_tag","embeddable":true,"href":"https:\/\/www.sincomam.org.br\/index.php\/wp-json\/wp\/v2\/tags?post=28537"}],"curies":[{"name":"wp","href":"https:\/\/api.w.org\/{rel}","templated":true}]}}