{"id":28522,"date":"2020-04-14T10:51:28","date_gmt":"2020-04-14T13:51:28","guid":{"rendered":"http:\/\/www.sincomam.org.br\/?p=28522"},"modified":"2020-04-14T10:51:28","modified_gmt":"2020-04-14T13:51:28","slug":"covid-19-queda-nas-exportacoes-e-importacoes-da-china-diminui","status":"publish","type":"post","link":"https:\/\/www.sincomam.org.br\/index.php\/covid-19-queda-nas-exportacoes-e-importacoes-da-china-diminui\/","title":{"rendered":"Covid-19: queda nas exporta\u00e7\u00f5es e importa\u00e7\u00f5es da China diminui"},"content":{"rendered":"<p><strong><em>Pandemia fecha muitas economias e freia recupera\u00e7\u00e3o no curto prazo<\/em><\/strong><\/p>\n<p>A queda nas exporta\u00e7\u00f5es e importa\u00e7\u00f5es da China perdeu for\u00e7a em mar\u00e7o conforme as f\u00e1bricas retomaram a produ\u00e7\u00e3o, mas os embarques devem encolher com for\u00e7a nos pr\u00f3ximos meses j\u00e1 que a crise do coronav\u00edrus fecha muitas economias e freia uma recupera\u00e7\u00e3o no curto prazo.<\/p>\n<p>Os mercados financeiros respiraram aliviados depois que dados da alf\u00e2ndega mostraram nesta ter\u00e7a-feira (14) que as exporta\u00e7\u00f5es ca\u00edram 6,6% em mar\u00e7o sobre o ano anterior, melhorando ante a queda de 17,2% em janeiro-fevereiro, com os exportadores correndo para liberar os pedidos em atraso ap\u00f3s paralisa\u00e7\u00f5es for\u00e7adas da produ\u00e7\u00e3o. Economistas projetavam queda de 14% dos embarques em mar\u00e7o.<\/p>\n<p>Ainda assim, analistas dizem que o cen\u00e1rio para as exporta\u00e7\u00f5es e o crescimento em geral da segunda maior economia do mundo permanece fraco j\u00e1 que a pandemia paralisou a atividade empresarial em todo o mundo. &#8220;Os dados acima do esperado do com\u00e9rcio em mar\u00e7o n\u00e3o significam que o futuro \u00e9 tranquilo&#8221;, disse Zhang Yi, economista-chefe do Zhonghai Shengrong Capital Management. Zhang espera que os dados do Produto Interno Bruto (PIB) chin\u00eas do primeiro trimestre &#8211; a serem divulgados na sexta-feira &#8211; mostrem contra\u00e7\u00e3o de 8%, primeira queda trimestral desde ao menos 1992.<\/p>\n<p>Fonte: Ag\u00eancia Brasil\/Reuters<\/p>\n","protected":false},"excerpt":{"rendered":"<p>Pandemia fecha muitas economias e freia recupera\u00e7\u00e3o no curto prazo A queda nas exporta\u00e7\u00f5es e importa\u00e7\u00f5es da China perdeu for\u00e7a em mar\u00e7o conforme as f\u00e1bricas&#8230;<\/p>\n","protected":false},"author":1182,"featured_media":17794,"comment_status":"closed","ping_status":"closed","sticky":false,"template":"","format":"standard","meta":{"footnotes":""},"categories":[6],"tags":[],"class_list":["post-28522","post","type-post","status-publish","format-standard","has-post-thumbnail","hentry","category-noticias"],"_links":{"self":[{"href":"https:\/\/www.sincomam.org.br\/index.php\/wp-json\/wp\/v2\/posts\/28522","targetHints":{"allow":["GET"]}}],"collection":[{"href":"https:\/\/www.sincomam.org.br\/index.php\/wp-json\/wp\/v2\/posts"}],"about":[{"href":"https:\/\/www.sincomam.org.br\/index.php\/wp-json\/wp\/v2\/types\/post"}],"author":[{"embeddable":true,"href":"https:\/\/www.sincomam.org.br\/index.php\/wp-json\/wp\/v2\/users\/1182"}],"replies":[{"embeddable":true,"href":"https:\/\/www.sincomam.org.br\/index.php\/wp-json\/wp\/v2\/comments?post=28522"}],"version-history":[{"count":1,"href":"https:\/\/www.sincomam.org.br\/index.php\/wp-json\/wp\/v2\/posts\/28522\/revisions"}],"predecessor-version":[{"id":28523,"href":"https:\/\/www.sincomam.org.br\/index.php\/wp-json\/wp\/v2\/posts\/28522\/revisions\/28523"}],"wp:featuredmedia":[{"embeddable":true,"href":"https:\/\/www.sincomam.org.br\/index.php\/wp-json\/wp\/v2\/media\/17794"}],"wp:attachment":[{"href":"https:\/\/www.sincomam.org.br\/index.php\/wp-json\/wp\/v2\/media?parent=28522"}],"wp:term":[{"taxonomy":"category","embeddable":true,"href":"https:\/\/www.sincomam.org.br\/index.php\/wp-json\/wp\/v2\/categories?post=28522"},{"taxonomy":"post_tag","embeddable":true,"href":"https:\/\/www.sincomam.org.br\/index.php\/wp-json\/wp\/v2\/tags?post=28522"}],"curies":[{"name":"wp","href":"https:\/\/api.w.org\/{rel}","templated":true}]}}