{"id":28520,"date":"2020-04-14T10:42:59","date_gmt":"2020-04-14T13:42:59","guid":{"rendered":"http:\/\/www.sincomam.org.br\/?p=28520"},"modified":"2020-04-14T10:42:59","modified_gmt":"2020-04-14T13:42:59","slug":"auxilio-de-r-600-para-informais-e-meis-comeca-a-ser-pago-hoje","status":"publish","type":"post","link":"https:\/\/www.sincomam.org.br\/index.php\/auxilio-de-r-600-para-informais-e-meis-comeca-a-ser-pago-hoje\/","title":{"rendered":"Aux\u00edlio de R$ 600 para informais e MEIs come\u00e7a a ser pago hoje"},"content":{"rendered":"<p><strong><em>Inscritos no Cadastro \u00danico que n\u00e3o t\u00eam conta na Caixa ou no Banco do Brasil, tamb\u00e9m recebem o valor<\/em><\/strong><\/p>\n<p>A Caixa inicia nesta ter\u00e7a-feira, 14, o pagamento de 600 reais do aux\u00edlio emergencial para os inscritos no Cadastro \u00danico, Microempreendedores Individuais, informais e contribuintes individuais do INSS que se inscreveram no programa.<\/p>\n<p>Sobre os inscritos no Cadastro \u00danico, recebem neste lote os que n\u00e3o t\u00eam conta na Caixa ou no Banco do Brasil e tamb\u00e9m n\u00e3o fazem parte do programa Bolsa Fam\u00edlia.<\/p>\n<p>O cr\u00e9dito de 600 reais ser\u00e1 feito na Poupan\u00e7a Social Digital da Caixa, que foi aberta automaticamente pelo banco, evitando assim a ida nas ag\u00eancias ou nas casas lot\u00e9ricas para ter acesso aos recursos do aux\u00edlio emergencial.<\/p>\n<p>Sobre os Microempreendedores individuais e informais os primeiros a receber o aux\u00edlio s\u00e3o aqueles que se inscrevem logo na abertura do programa, j\u00e1 que recebem em at\u00e9 cinco dias ap\u00f3s realizar o cadastro no novo sistema do governo.<\/p>\n<p>O aux\u00edlio ser\u00e1 pago na conta de qualquer institui\u00e7\u00e3o financeira indicada no momento do cadastro ou cr\u00e9dito na Poupan\u00e7a Social Digital CAIXA, aberta automaticamente em nome do trabalhador.<\/p>\n<p><strong>Balan\u00e7o<\/strong><\/p>\n<p>O \u00faltimo balan\u00e7o divulgado pela Caixa apontou que aux\u00edlio emergencial j\u00e1 foi liberado para mais de 2,5 milh\u00f5es de brasileiros, totalizando mais de 1,5 bilh\u00f5es de reais na economia. At\u00e9 \u00e0s 16h de segunda-feira,13, o volume dos que se cadastraram por estes canais superava 34 milh\u00f5es de cidad\u00e3os.<\/p>\n<p>Fonte: Exame<\/p>\n","protected":false},"excerpt":{"rendered":"<p>Inscritos no Cadastro \u00danico que n\u00e3o t\u00eam conta na Caixa ou no Banco do Brasil, tamb\u00e9m recebem o valor A Caixa inicia nesta ter\u00e7a-feira, 14,&#8230;<\/p>\n","protected":false},"author":1182,"featured_media":17827,"comment_status":"closed","ping_status":"closed","sticky":false,"template":"","format":"standard","meta":{"footnotes":""},"categories":[6],"tags":[1757,61,2807,390,2781,2806,204,1538],"class_list":["post-28520","post","type-post","status-publish","format-standard","has-post-thumbnail","hentry","category-noticias","tag-auxilio","tag-brasil","tag-cadastro-unico","tag-caixa","tag-coronavoucher","tag-informal","tag-pagamento","tag-trabalhador"],"_links":{"self":[{"href":"https:\/\/www.sincomam.org.br\/index.php\/wp-json\/wp\/v2\/posts\/28520","targetHints":{"allow":["GET"]}}],"collection":[{"href":"https:\/\/www.sincomam.org.br\/index.php\/wp-json\/wp\/v2\/posts"}],"about":[{"href":"https:\/\/www.sincomam.org.br\/index.php\/wp-json\/wp\/v2\/types\/post"}],"author":[{"embeddable":true,"href":"https:\/\/www.sincomam.org.br\/index.php\/wp-json\/wp\/v2\/users\/1182"}],"replies":[{"embeddable":true,"href":"https:\/\/www.sincomam.org.br\/index.php\/wp-json\/wp\/v2\/comments?post=28520"}],"version-history":[{"count":1,"href":"https:\/\/www.sincomam.org.br\/index.php\/wp-json\/wp\/v2\/posts\/28520\/revisions"}],"predecessor-version":[{"id":28521,"href":"https:\/\/www.sincomam.org.br\/index.php\/wp-json\/wp\/v2\/posts\/28520\/revisions\/28521"}],"wp:featuredmedia":[{"embeddable":true,"href":"https:\/\/www.sincomam.org.br\/index.php\/wp-json\/wp\/v2\/media\/17827"}],"wp:attachment":[{"href":"https:\/\/www.sincomam.org.br\/index.php\/wp-json\/wp\/v2\/media?parent=28520"}],"wp:term":[{"taxonomy":"category","embeddable":true,"href":"https:\/\/www.sincomam.org.br\/index.php\/wp-json\/wp\/v2\/categories?post=28520"},{"taxonomy":"post_tag","embeddable":true,"href":"https:\/\/www.sincomam.org.br\/index.php\/wp-json\/wp\/v2\/tags?post=28520"}],"curies":[{"name":"wp","href":"https:\/\/api.w.org\/{rel}","templated":true}]}}