{"id":28476,"date":"2020-04-13T11:49:03","date_gmt":"2020-04-13T14:49:03","guid":{"rendered":"http:\/\/www.sincomam.org.br\/?p=28476"},"modified":"2020-04-13T11:49:03","modified_gmt":"2020-04-13T14:49:03","slug":"marinha-ultimos-dias-para-inscricao-em-concurso-do-colegio-naval","status":"publish","type":"post","link":"https:\/\/www.sincomam.org.br\/index.php\/marinha-ultimos-dias-para-inscricao-em-concurso-do-colegio-naval\/","title":{"rendered":"Marinha: \u00faltimos dias para inscri\u00e7\u00e3o em concurso do Col\u00e9gio Naval"},"content":{"rendered":"<p><strong><em>S\u00e3o 143 vagas ao todo. Provas est\u00e3o previstas para a primeira quinzena de julho<\/em><\/strong><\/p>\n<p>Encerra-se na pr\u00f3xima quinta-feira (16\/04) o per\u00edodo de inscri\u00e7\u00f5es para o concurso Marinha do Brasil, destinado a preencher 143 vagas de n\u00edvel m\u00e9dio no Col\u00e9gio Naval. Podem participar do processo seletivo homens com idade entre 15 e 17 anos, completados at\u00e9 1\u00ba de janeiro de 2021. \u00c9 necess\u00e1rio ter ensino fundamental completo ou em fase de conclus\u00e3o.<\/p>\n<p>Os interessados em se inscrever ter\u00e3o que pagar taxa de R$ 65. O cadastro \u00e9 feito pela internet no <a href=\"https:\/\/www.marinha.mil.br\/sspm\/\">site da Marinha<\/a> ou em postos presenciais instalados em 36 cidades espalhados pelo Brasil.<\/p>\n<p>A primeira etapa ter\u00e1 reda\u00e7\u00e3o e prova objetiva. As disciplinas abordadas s\u00e3o de portugu\u00eas, matem\u00e1tica, ingl\u00eas, estudos sociais e ci\u00eancias, com aplica\u00e7\u00e3o prevista para a primeira quinzena de julho.<\/p>\n<p>As outras fases incluem verifica\u00e7\u00e3o de documentos, inspe\u00e7\u00e3o de sa\u00fade, teste de aptid\u00e3o f\u00edsica e avalia\u00e7\u00e3o psicol\u00f3gica, entre setembro e outubro. O in\u00edcio do curso est\u00e1 previsto para 1\u00ba de fevereiro de 2021.<\/p>\n<p>Fonte: JC Concursos<\/p>\n","protected":false},"excerpt":{"rendered":"<p>S\u00e3o 143 vagas ao todo. Provas est\u00e3o previstas para a primeira quinzena de julho Encerra-se na pr\u00f3xima quinta-feira (16\/04) o per\u00edodo de inscri\u00e7\u00f5es para o&#8230;<\/p>\n","protected":false},"author":1182,"featured_media":28477,"comment_status":"closed","ping_status":"closed","sticky":false,"template":"","format":"standard","meta":{"footnotes":""},"categories":[1],"tags":[2804,97,752,15],"class_list":["post-28476","post","type-post","status-publish","format-standard","has-post-thumbnail","hentry","category-sem-categoria","tag-colegio-naval","tag-concurso","tag-inscricao","tag-marinha"],"_links":{"self":[{"href":"https:\/\/www.sincomam.org.br\/index.php\/wp-json\/wp\/v2\/posts\/28476","targetHints":{"allow":["GET"]}}],"collection":[{"href":"https:\/\/www.sincomam.org.br\/index.php\/wp-json\/wp\/v2\/posts"}],"about":[{"href":"https:\/\/www.sincomam.org.br\/index.php\/wp-json\/wp\/v2\/types\/post"}],"author":[{"embeddable":true,"href":"https:\/\/www.sincomam.org.br\/index.php\/wp-json\/wp\/v2\/users\/1182"}],"replies":[{"embeddable":true,"href":"https:\/\/www.sincomam.org.br\/index.php\/wp-json\/wp\/v2\/comments?post=28476"}],"version-history":[{"count":1,"href":"https:\/\/www.sincomam.org.br\/index.php\/wp-json\/wp\/v2\/posts\/28476\/revisions"}],"predecessor-version":[{"id":28478,"href":"https:\/\/www.sincomam.org.br\/index.php\/wp-json\/wp\/v2\/posts\/28476\/revisions\/28478"}],"wp:featuredmedia":[{"embeddable":true,"href":"https:\/\/www.sincomam.org.br\/index.php\/wp-json\/wp\/v2\/media\/28477"}],"wp:attachment":[{"href":"https:\/\/www.sincomam.org.br\/index.php\/wp-json\/wp\/v2\/media?parent=28476"}],"wp:term":[{"taxonomy":"category","embeddable":true,"href":"https:\/\/www.sincomam.org.br\/index.php\/wp-json\/wp\/v2\/categories?post=28476"},{"taxonomy":"post_tag","embeddable":true,"href":"https:\/\/www.sincomam.org.br\/index.php\/wp-json\/wp\/v2\/tags?post=28476"}],"curies":[{"name":"wp","href":"https:\/\/api.w.org\/{rel}","templated":true}]}}