{"id":28473,"date":"2020-04-13T11:43:30","date_gmt":"2020-04-13T14:43:30","guid":{"rendered":"http:\/\/www.sincomam.org.br\/?p=28473"},"modified":"2020-04-13T11:43:30","modified_gmt":"2020-04-13T14:43:30","slug":"covid-19-brasil-registra-1-241-mortes-e-22-318-infectados","status":"publish","type":"post","link":"https:\/\/www.sincomam.org.br\/index.php\/covid-19-brasil-registra-1-241-mortes-e-22-318-infectados\/","title":{"rendered":"Covid-19: Brasil registra 1.241 mortes e 22.318 infectados"},"content":{"rendered":"<p><em><strong>S\u00e3o Paulo, Rio de Janeiro e o Cear\u00e1 lideram ranking do n\u00famero de mortos pelo coronav\u00edrus<\/strong><\/em><\/p>\n<p>As secretarias estaduais de Sa\u00fade divulgaram, at\u00e9 as 11h desta segunda-feira (13), 22.380 casos confirmados do novo coronav\u00edrus (Sars-Cov-2) no Brasil, com 1.245 mortes pela Covid-19.<\/p>\n<p>O balan\u00e7o mais recente do Minist\u00e9rio da Sa\u00fade, divulgado neste domingo (12), aponta 22.169 casos confirmados e 1.223 mortes. Segundo boletim do minist\u00e9rio publicado no s\u00e1bado (11), 25% dos mortos estavam fora do grupo de risco, ou seja, n\u00e3o tinham mais de 60 anos (grupo que representa 75%) nem tinham fatores de risco (74% de quem morreu os tinham).<\/p>\n<p><strong>Rio de Janeiro<\/strong><\/p>\n<p>O Estado do Rio de Janeiro tinha, na manh\u00e3 desta segunda-feira (13), 70% dos leitos de Unidades de Terapia Intensiva (UTI) &#8212; usualmente destinados a pacientes mais graves &#8212; ocupados por pessoas contaminadas com coronav\u00edrus. O n\u00famero de mortes no Rio chegou a 170. Outros 115 \u00f3bitos est\u00e3o sob investiga\u00e7\u00e3o das autoridades. S\u00e3o mais de 2,8 mil casos da doen\u00e7a confirmados.<\/p>\n<p><strong>Mato Grosso<\/strong><\/p>\n<p>O Mato Grosso do Sul registrou a 3\u00aa morte do estado. No fim da noite de domingo (12), o Cear\u00e1 registrou 11 novas mortes e o n\u00famero total subiu para 85.<\/p>\n<p><strong>S\u00e3o Paulo<\/strong><\/p>\n<p>O n\u00famero de mortos por coronav\u00edrus no estado de S\u00e3o Paulo subiu para 588 neste domingo (12). Entre as v\u00edtimas fatais, est\u00e3o 339 homens e 249 mulheres. Os \u00f3bitos continuam concentrados em pacientes com 60 anos ou mais, totalizando 73,4% das mortes. O n\u00famero de casos confirmados foi de 8.419, no s\u00e1bado, para 8.755 neste domingo.<\/p>\n<p><strong>Cemit\u00e9rios municipais tamb\u00e9m s\u00e3o alvo de a\u00e7\u00f5es de combate ao coronav\u00edrus<\/strong><\/p>\n<p>Os principais cemit\u00e9rios administrados pela Prefeitura \u2013 localizados em Brotas, Itapu\u00e3, Periperi e Plataforma \u2013 passam por a\u00e7\u00f5es de desinfec\u00e7\u00e3o com hipoclorito de s\u00f3dio para combate ao coronav\u00edrus a partir desta quinta-feira (9). Os coveiros tamb\u00e9m v\u00e3o receber roupas especiais e equipamentos de prote\u00e7\u00e3o individual (EPIs) para a realiza\u00e7\u00e3o dos sepultamentos. As iniciativas s\u00e3o realizadas pela Secretaria Municipal de Ordem P\u00fablica (Semop) e pela Empresa de Limpeza Urbana de Salvador (Limpurb).<\/p>\n<p>Fonte: G1 \/ Fotos P\u00fablicas<\/p>\n","protected":false},"excerpt":{"rendered":"<p>S\u00e3o Paulo, Rio de Janeiro e o Cear\u00e1 lideram ranking do n\u00famero de mortos pelo coronav\u00edrus As secretarias estaduais de Sa\u00fade divulgaram, at\u00e9 as 11h&#8230;<\/p>\n","protected":false},"author":1182,"featured_media":28474,"comment_status":"closed","ping_status":"closed","sticky":false,"template":"","format":"standard","meta":{"footnotes":""},"categories":[6],"tags":[61,175,2803,1460,1756,59,366],"class_list":["post-28473","post","type-post","status-publish","format-standard","has-post-thumbnail","hentry","category-noticias","tag-brasil","tag-ceara","tag-coronavirus-brasil","tag-infectados","tag-morte","tag-rio-de-janeiro","tag-sao-paulo"],"_links":{"self":[{"href":"https:\/\/www.sincomam.org.br\/index.php\/wp-json\/wp\/v2\/posts\/28473","targetHints":{"allow":["GET"]}}],"collection":[{"href":"https:\/\/www.sincomam.org.br\/index.php\/wp-json\/wp\/v2\/posts"}],"about":[{"href":"https:\/\/www.sincomam.org.br\/index.php\/wp-json\/wp\/v2\/types\/post"}],"author":[{"embeddable":true,"href":"https:\/\/www.sincomam.org.br\/index.php\/wp-json\/wp\/v2\/users\/1182"}],"replies":[{"embeddable":true,"href":"https:\/\/www.sincomam.org.br\/index.php\/wp-json\/wp\/v2\/comments?post=28473"}],"version-history":[{"count":1,"href":"https:\/\/www.sincomam.org.br\/index.php\/wp-json\/wp\/v2\/posts\/28473\/revisions"}],"predecessor-version":[{"id":28475,"href":"https:\/\/www.sincomam.org.br\/index.php\/wp-json\/wp\/v2\/posts\/28473\/revisions\/28475"}],"wp:featuredmedia":[{"embeddable":true,"href":"https:\/\/www.sincomam.org.br\/index.php\/wp-json\/wp\/v2\/media\/28474"}],"wp:attachment":[{"href":"https:\/\/www.sincomam.org.br\/index.php\/wp-json\/wp\/v2\/media?parent=28473"}],"wp:term":[{"taxonomy":"category","embeddable":true,"href":"https:\/\/www.sincomam.org.br\/index.php\/wp-json\/wp\/v2\/categories?post=28473"},{"taxonomy":"post_tag","embeddable":true,"href":"https:\/\/www.sincomam.org.br\/index.php\/wp-json\/wp\/v2\/tags?post=28473"}],"curies":[{"name":"wp","href":"https:\/\/api.w.org\/{rel}","templated":true}]}}