{"id":28471,"date":"2020-04-13T11:17:04","date_gmt":"2020-04-13T14:17:04","guid":{"rendered":"http:\/\/www.sincomam.org.br\/?p=28471"},"modified":"2020-04-13T11:17:04","modified_gmt":"2020-04-13T14:17:04","slug":"docas-do-rio-divulga-chamamentos-publicos-para-areas-de-terminais","status":"publish","type":"post","link":"https:\/\/www.sincomam.org.br\/index.php\/docas-do-rio-divulga-chamamentos-publicos-para-areas-de-terminais\/","title":{"rendered":"Docas do Rio divulga chamamentos p\u00fablicos para \u00e1reas de terminais"},"content":{"rendered":"<p><em><strong>Companhia fez seis Avisos de Chamamento P\u00fablico<\/strong><\/em><\/p>\n<p>A Companhia Docas do Rio de Janeiro (CDRJ) divulgou na \u00faltima quarta-feira (8), no Di\u00e1rio Oficial da Uni\u00e3o, seis Avisos de Chamamento P\u00fablico que visam identificar interessados, sejam pessoas f\u00edsicas ou jur\u00eddicas, em implantar projetos em determinadas \u00e1reas dos Portos do Rio de Janeiro e de Itagua\u00ed.<\/p>\n<p>Para o Porto de Itagua\u00ed, s\u00e3o cinco chamamentos p\u00fablicos referentes \u00e0s seguintes \u00e1reas: Terminal de Granel S\u00f3lido 2 em \u00e1rea \u201c<em>greenfield<\/em>\u201d; terminal de Granel S\u00f3lido 3; Terminal de Granel L\u00edquido; Opera\u00e7\u00e3o de Transbordo de Granel L\u00edquido (<em>ship to ship<\/em>); e \u00e1rea de apoio \u00e0 opera\u00e7\u00e3o portu\u00e1ria.<\/p>\n<p>Para o Porto do Rio de Janeiro, o chamamento p\u00fablico busca interessados em elaborar e doar Estudo de Viabilidade T\u00e9cnica, Econ\u00f4mica e Ambiental (EVTEA) para um terminal de granel l\u00edquido, em conson\u00e2ncia com o Plano de Desenvolvimento e Zoneamento Portu\u00e1rio (PDZ).<\/p>\n<p>A \u00e1rea comercial da companhia est\u00e1 buscando maior intera\u00e7\u00e3o com o mercado, para garantir a harmoniza\u00e7\u00e3o entre o p\u00fablico e o privado, visando atrair projetos que tragam retorno financeiro, bem como contribuir com o desenvolvimento da regi\u00e3o e do pa\u00eds. Os projetos apresentados podem ser de qualquer natureza e o resultado dar\u00e1 mais celeridade aos processos licitat\u00f3rios de arrendamento.<\/p>\n<p>Os detalhes dos chamamentos p\u00fablicos podem ser conferidos no endere\u00e7o: http:\/\/www.portosrio.gov.br\/node\/show\/612 e os interessados devem se manifestar pelo e-mail gerden@portosrio.gov.br para a Ger\u00eancia de Desenvolvimento de Neg\u00f3cios da CDRJ. O prazo para manifesta\u00e7\u00e3o de interessados ser\u00e1 de 60 dias \u00fateis contados da data de publica\u00e7\u00e3o do chamamento.<\/p>\n<p>Fonte: Portos e Navios<\/p>\n","protected":false},"excerpt":{"rendered":"<p>Companhia fez seis Avisos de Chamamento P\u00fablico A Companhia Docas do Rio de Janeiro (CDRJ) divulgou na \u00faltima quarta-feira (8), no Di\u00e1rio Oficial da Uni\u00e3o,&#8230;<\/p>\n","protected":false},"author":1182,"featured_media":7007,"comment_status":"closed","ping_status":"closed","sticky":false,"template":"","format":"standard","meta":{"footnotes":""},"categories":[6],"tags":[2801,2802,659,1679,59,1605],"class_list":["post-28471","post","type-post","status-publish","format-standard","has-post-thumbnail","hentry","category-noticias","tag-avisos","tag-chamamento","tag-docas","tag-publico","tag-rio-de-janeiro","tag-seis"],"_links":{"self":[{"href":"https:\/\/www.sincomam.org.br\/index.php\/wp-json\/wp\/v2\/posts\/28471","targetHints":{"allow":["GET"]}}],"collection":[{"href":"https:\/\/www.sincomam.org.br\/index.php\/wp-json\/wp\/v2\/posts"}],"about":[{"href":"https:\/\/www.sincomam.org.br\/index.php\/wp-json\/wp\/v2\/types\/post"}],"author":[{"embeddable":true,"href":"https:\/\/www.sincomam.org.br\/index.php\/wp-json\/wp\/v2\/users\/1182"}],"replies":[{"embeddable":true,"href":"https:\/\/www.sincomam.org.br\/index.php\/wp-json\/wp\/v2\/comments?post=28471"}],"version-history":[{"count":1,"href":"https:\/\/www.sincomam.org.br\/index.php\/wp-json\/wp\/v2\/posts\/28471\/revisions"}],"predecessor-version":[{"id":28472,"href":"https:\/\/www.sincomam.org.br\/index.php\/wp-json\/wp\/v2\/posts\/28471\/revisions\/28472"}],"wp:featuredmedia":[{"embeddable":true,"href":"https:\/\/www.sincomam.org.br\/index.php\/wp-json\/wp\/v2\/media\/7007"}],"wp:attachment":[{"href":"https:\/\/www.sincomam.org.br\/index.php\/wp-json\/wp\/v2\/media?parent=28471"}],"wp:term":[{"taxonomy":"category","embeddable":true,"href":"https:\/\/www.sincomam.org.br\/index.php\/wp-json\/wp\/v2\/categories?post=28471"},{"taxonomy":"post_tag","embeddable":true,"href":"https:\/\/www.sincomam.org.br\/index.php\/wp-json\/wp\/v2\/tags?post=28471"}],"curies":[{"name":"wp","href":"https:\/\/api.w.org\/{rel}","templated":true}]}}