{"id":28427,"date":"2020-04-09T10:54:39","date_gmt":"2020-04-09T13:54:39","guid":{"rendered":"http:\/\/www.sincomam.org.br\/?p=28427"},"modified":"2020-04-09T10:54:39","modified_gmt":"2020-04-09T13:54:39","slug":"auxilio-de-r-600-deve-ser-pago-nesta-quinta-a-pelo-menos-10-milhoes-de-pessoas","status":"publish","type":"post","link":"https:\/\/www.sincomam.org.br\/index.php\/auxilio-de-r-600-deve-ser-pago-nesta-quinta-a-pelo-menos-10-milhoes-de-pessoas\/","title":{"rendered":"Aux\u00edlio de R$ 600 deve ser pago nesta quinta a pelo menos 10 milh\u00f5es de pessoas"},"content":{"rendered":"<p><strong><em>Benef\u00edcio, que ser\u00e1 pago em tr\u00eas parcelas, come\u00e7a pelos informais inscritos no Cadastro \u00danico<\/em><\/strong><\/p>\n<p>O pagamento do aux\u00edlio emergencial de R$ 600 a informais come\u00e7a nesta quinta-feira (9), conforme cronograma divulgado pela Caixa Econ\u00f4mica Federal. O benef\u00edcio ser\u00e1 pago em tr\u00eas parcelas, come\u00e7ando pelos trabalhadores informais inscritos no Cadastro \u00danico (Cad\u00danico).<\/p>\n<p>A expectativa \u00e9 que ao menos 10 milh\u00f5es de pessoas comecem a receber o aux\u00edlio nesta quinta. J\u00e1 quem n\u00e3o est\u00e1 no Cad\u00danico e teve que fazer a auto declara\u00e7\u00e3o pelo aplicativo ou pelo site da Caixa come\u00e7a a receber na semana que vem.<\/p>\n<p>Confira abaixo o cronograma e quem pode receber o aux\u00edlio:<\/p>\n<p><strong>Primeira parcela<\/strong><\/p>\n<ul>\n<li>Trabalhadores informais que est\u00e3o no Cadastro \u00danico e t\u00eam conta no Banco do Brasil ou poupan\u00e7a na Caixa: a partir de quinta-feira (9 de abril);<\/li>\n<li>Trabalhadores informais que est\u00e3o no Cadastro \u00danico e t\u00eam contas em outros bancos ou n\u00e3o t\u00eam conta: no dia 14 de abril (pr\u00f3xima ter\u00e7a-feira);<\/li>\n<li>Trabalhadores informais, microempreendedores individuais e aut\u00f4nomos que n\u00e3o est\u00e3o no Cadastro \u00danico: at\u00e9 5 dias ap\u00f3s o cadastro no novo sistema do governo (n\u00e3o h\u00e1 uma data fixa); e<\/li>\n<li>Benefici\u00e1rios do Bolsa Fam\u00edlia: de acordo com o calend\u00e1rio do benef\u00edcio, a partir do dia 16 de abril.<\/li>\n<\/ul>\n<p><strong>Segunda parcela<\/strong><\/p>\n<p>Trabalhadores informais no Cadastro \u00danico e outros benefici\u00e1rios que j\u00e1 tiverem se cadastrado no novo sistema e de acordo com a data de anivers\u00e1rio:<\/p>\n<ul>\n<li>Nascidos em janeiro, fevereiro e mar\u00e7o: 27 de abril;<\/li>\n<li>Nascidos em abril, maio e junho: 28 de abril;<\/li>\n<li>Nascidos em julho, agosto e setembro: 29 de abril;<\/li>\n<li>Nascidos em outubro, novembro e dezembro: 30 de abril; e<\/li>\n<li>Benefici\u00e1rios do Bolsa Fam\u00edlia: de acordo com o calend\u00e1rio do benef\u00edcio, a partir do dia 18 de maio.<\/li>\n<\/ul>\n<p><strong>Terceira parcela<\/strong><\/p>\n<p>Trabalhadores informais no Cadastro \u00danico e outros benefici\u00e1rios que j\u00e1 tiverem se cadastrado no novo sistema:<\/p>\n<ul>\n<li>Nascidos em janeiro, fevereiro e mar\u00e7o: 26 de maio;<\/li>\n<li>Nascidos em abril, maio e junho: 27 de maio;<\/li>\n<li>Nascidos em julho, agosto e setembro: 28 de maio;<\/li>\n<li>Nascidos em outubro, novembro e dezembro: 29 de maio; e Benefici\u00e1rios do Bolsa Fam\u00edlia: de acordo com o calend\u00e1rio do benef\u00edcio, a partir do dia 17 de junho.<\/li>\n<\/ul>\n<p>Fonte: Economia IG<\/p>\n","protected":false},"excerpt":{"rendered":"<p>Benef\u00edcio, que ser\u00e1 pago em tr\u00eas parcelas, come\u00e7a pelos informais inscritos no Cadastro \u00danico O pagamento do aux\u00edlio emergencial de R$ 600 a informais come\u00e7a&#8230;<\/p>\n","protected":false},"author":1182,"featured_media":17827,"comment_status":"closed","ping_status":"closed","sticky":false,"template":"","format":"standard","meta":{"footnotes":""},"categories":[6],"tags":[1757,432,204],"class_list":["post-28427","post","type-post","status-publish","format-standard","has-post-thumbnail","hentry","category-noticias","tag-auxilio","tag-emergencial","tag-pagamento"],"_links":{"self":[{"href":"https:\/\/www.sincomam.org.br\/index.php\/wp-json\/wp\/v2\/posts\/28427","targetHints":{"allow":["GET"]}}],"collection":[{"href":"https:\/\/www.sincomam.org.br\/index.php\/wp-json\/wp\/v2\/posts"}],"about":[{"href":"https:\/\/www.sincomam.org.br\/index.php\/wp-json\/wp\/v2\/types\/post"}],"author":[{"embeddable":true,"href":"https:\/\/www.sincomam.org.br\/index.php\/wp-json\/wp\/v2\/users\/1182"}],"replies":[{"embeddable":true,"href":"https:\/\/www.sincomam.org.br\/index.php\/wp-json\/wp\/v2\/comments?post=28427"}],"version-history":[{"count":1,"href":"https:\/\/www.sincomam.org.br\/index.php\/wp-json\/wp\/v2\/posts\/28427\/revisions"}],"predecessor-version":[{"id":28428,"href":"https:\/\/www.sincomam.org.br\/index.php\/wp-json\/wp\/v2\/posts\/28427\/revisions\/28428"}],"wp:featuredmedia":[{"embeddable":true,"href":"https:\/\/www.sincomam.org.br\/index.php\/wp-json\/wp\/v2\/media\/17827"}],"wp:attachment":[{"href":"https:\/\/www.sincomam.org.br\/index.php\/wp-json\/wp\/v2\/media?parent=28427"}],"wp:term":[{"taxonomy":"category","embeddable":true,"href":"https:\/\/www.sincomam.org.br\/index.php\/wp-json\/wp\/v2\/categories?post=28427"},{"taxonomy":"post_tag","embeddable":true,"href":"https:\/\/www.sincomam.org.br\/index.php\/wp-json\/wp\/v2\/tags?post=28427"}],"curies":[{"name":"wp","href":"https:\/\/api.w.org\/{rel}","templated":true}]}}