{"id":28424,"date":"2020-04-09T10:41:34","date_gmt":"2020-04-09T13:41:34","guid":{"rendered":"http:\/\/www.sincomam.org.br\/?p=28424"},"modified":"2020-04-09T10:41:34","modified_gmt":"2020-04-09T13:41:34","slug":"ministro-do-stf-confirma-proibicao-de-transporte-fluvial-no-amazonas","status":"publish","type":"post","link":"https:\/\/www.sincomam.org.br\/index.php\/ministro-do-stf-confirma-proibicao-de-transporte-fluvial-no-amazonas\/","title":{"rendered":"Ministro do STF confirma proibi\u00e7\u00e3o de transporte fluvial no Amazonas"},"content":{"rendered":"<p><em><strong>Medida visa conter o avan\u00e7o do coronav\u00edrus na popula\u00e7\u00e3o amazonense<\/strong><\/em><\/p>\n<p>O ministro Roberto Barroso, do STF (Supremo Tribunal Federal), chancelou, nesta ter\u00e7a-feira, 7, a proibi\u00e7\u00e3o do transporte fluvial de passageiros no Amazonas decretada pelo governo estadual como medida para conter o avan\u00e7o do coronav\u00edrus no interior do Estado.<\/p>\n<p>Barroso tamb\u00e9m derrubou a parte da decis\u00e3o do TRF1 (Tribunal Regional Federal da 1\u00aa Regi\u00e3o), que declarou inconstitucional o Artigo 3\u00ba da Medida Provis\u00f3ria n\u00ba 926\/2020, do Governo Federal, que condiciona a restri\u00e7\u00e3o de passageiros em rodovias, portos e aeroportos a um parecer t\u00e9cnico da Anvisa (Ag\u00eancia Nacional de Vigil\u00e2ncia Sanit\u00e1ria).<\/p>\n<p>\u201cConsidero, por\u00e9m, que tal comando n\u00e3o afeta o resultado pr\u00e1tico do ato impugnado, permanecendo v\u00e1lida a proibi\u00e7\u00e3o ao transporte fluvial para fins de passeio no Estado do Amazonas\u201d, afirmou Barroso, em julgamento de recurso apresentado pela Uni\u00e3o contra decis\u00e3o do TRF1 que confirmou a validade do Decreto n\u00ba 42.087, do Governo do Amazonas.<\/p>\n<p>Na mesma decis\u00e3o, o ministro determinou que a ju\u00edza federal Jaiza Maria Pinto Fraxe esclare\u00e7a o sentido da express\u00e3o transporte fluvial de \u201cpasseio\u201d inclu\u00edda na decis\u00e3o tomada no dia 28 de fevereiro, que julgou ilegal o trecho da MP do Governo Federal e mandou parar o transporte fluvial no Amazonas.<\/p>\n<p>Em sua decis\u00e3o, Fraxe declarou que houve omiss\u00e3o da Anvisa no Amazonas porque \u201cnota t\u00e9cnica n\u00e3o contempla a realidade local, seja porque n\u00e3o existe equipe de fiscaliza\u00e7\u00e3o nos portos do Amazonas\u201d.<\/p>\n<p>A magistrada tamb\u00e9m disse que \u00e9 \u201ccompletamente ineficaz a mera coloca\u00e7\u00e3o de recomenda\u00e7\u00f5es de lavar as m\u00e3os e passar \u00e1lcool gel, uma vez que o transporte de passageiros em barcos de passeio \u00e9 caracterizado por aglomera\u00e7\u00f5es\u201d.<\/p>\n<p>Fonte: Amazonas Atual<\/p>\n","protected":false},"excerpt":{"rendered":"<p>Medida visa conter o avan\u00e7o do coronav\u00edrus na popula\u00e7\u00e3o amazonense O ministro Roberto Barroso, do STF (Supremo Tribunal Federal), chancelou, nesta ter\u00e7a-feira, 7, a proibi\u00e7\u00e3o&#8230;<\/p>\n","protected":false},"author":1182,"featured_media":5435,"comment_status":"closed","ping_status":"closed","sticky":false,"template":"","format":"standard","meta":{"footnotes":""},"categories":[6],"tags":[190,417,1014,189],"class_list":["post-28424","post","type-post","status-publish","format-standard","has-post-thumbnail","hentry","category-noticias","tag-fluvial","tag-ministro","tag-stf","tag-transporte"],"_links":{"self":[{"href":"https:\/\/www.sincomam.org.br\/index.php\/wp-json\/wp\/v2\/posts\/28424","targetHints":{"allow":["GET"]}}],"collection":[{"href":"https:\/\/www.sincomam.org.br\/index.php\/wp-json\/wp\/v2\/posts"}],"about":[{"href":"https:\/\/www.sincomam.org.br\/index.php\/wp-json\/wp\/v2\/types\/post"}],"author":[{"embeddable":true,"href":"https:\/\/www.sincomam.org.br\/index.php\/wp-json\/wp\/v2\/users\/1182"}],"replies":[{"embeddable":true,"href":"https:\/\/www.sincomam.org.br\/index.php\/wp-json\/wp\/v2\/comments?post=28424"}],"version-history":[{"count":1,"href":"https:\/\/www.sincomam.org.br\/index.php\/wp-json\/wp\/v2\/posts\/28424\/revisions"}],"predecessor-version":[{"id":28425,"href":"https:\/\/www.sincomam.org.br\/index.php\/wp-json\/wp\/v2\/posts\/28424\/revisions\/28425"}],"wp:featuredmedia":[{"embeddable":true,"href":"https:\/\/www.sincomam.org.br\/index.php\/wp-json\/wp\/v2\/media\/5435"}],"wp:attachment":[{"href":"https:\/\/www.sincomam.org.br\/index.php\/wp-json\/wp\/v2\/media?parent=28424"}],"wp:term":[{"taxonomy":"category","embeddable":true,"href":"https:\/\/www.sincomam.org.br\/index.php\/wp-json\/wp\/v2\/categories?post=28424"},{"taxonomy":"post_tag","embeddable":true,"href":"https:\/\/www.sincomam.org.br\/index.php\/wp-json\/wp\/v2\/tags?post=28424"}],"curies":[{"name":"wp","href":"https:\/\/api.w.org\/{rel}","templated":true}]}}