{"id":28422,"date":"2020-04-09T10:29:05","date_gmt":"2020-04-09T13:29:05","guid":{"rendered":"http:\/\/www.sincomam.org.br\/?p=28422"},"modified":"2020-04-09T10:29:05","modified_gmt":"2020-04-09T13:29:05","slug":"medida-provisoria-isenta-consumidor-de-baixa-renda-de-pagar-conta-de-luz","status":"publish","type":"post","link":"https:\/\/www.sincomam.org.br\/index.php\/medida-provisoria-isenta-consumidor-de-baixa-renda-de-pagar-conta-de-luz\/","title":{"rendered":"Medida provis\u00f3ria isenta consumidor de baixa renda de pagar conta de luz"},"content":{"rendered":"<p><em><strong>Governo deve cobrir os custos dos consumidores de baixa renda<\/strong><\/em><\/p>\n<p>O consumidor de baixa renda, com consumo mensal de energia el\u00e9trica inferior ou igual a 220 quilowatts-hora (kWh), est\u00e1 isento de pagar a conta de luz, no per\u00edodo de 1\u00ba de abril a 30 de junho deste ano.<\/p>\n<p>\u00c9 o que determina a Medida Provis\u00f3ria (MP) n\u00ba 950, de 8 de abril de 2020, publicada em edi\u00e7\u00e3o extra do Di\u00e1rio Oficial da Uni\u00e3o, desta quarta-feira (8).<\/p>\n<p>Para isso, fica a Uni\u00e3o autorizada a destinar recursos para a Conta de Desenvolvimento Energ\u00e9tico (CDE), limitado a R$ 900 milh\u00f5es, a fim de cobrir os descontos relativos \u00e0 tarifa de fornecimento de energia el\u00e9trica dos consumidores de baixa renda inclu\u00eddos na Tarifa Social.<\/p>\n<p>Assim, o \u201cgoverno soluciona as duas quest\u00f5es mais urgentes identificadas pelas equipes do Minist\u00e9rio de Minas e Energia e do Minist\u00e9rio da Economia: a perda da capacidade de pagamento dos consumidores de baixa renda, benefici\u00e1rios da tarifa social, e a perda da capacidade financeira das distribuidoras de energia el\u00e9trica, com o aumento da inadimpl\u00eancia e a redu\u00e7\u00e3o do consumo de energia\u201c, informa o minist\u00e9rio.<\/p>\n<p>A medida decorre das a\u00e7\u00f5es tempor\u00e1rias emergenciais destinadas ao setor el\u00e9trico para enfrentamento do estado de calamidade p\u00fablica reconhecido pelo Decreto Legislativo n\u00ba 6, de 20 de mar\u00e7o de 2020, e da emerg\u00eancia de sa\u00fade p\u00fablica de import\u00e2ncia internacional decorrente da pandemia de coronav\u00edrus (covid-19).<\/p>\n<p>Fonte: Paran\u00e1 Portal\/Ag\u00eancia Brasil<\/p>\n","protected":false},"excerpt":{"rendered":"<p>Governo deve cobrir os custos dos consumidores de baixa renda O consumidor de baixa renda, com consumo mensal de energia el\u00e9trica inferior ou igual a&#8230;<\/p>\n","protected":false},"author":1182,"featured_media":4294,"comment_status":"closed","ping_status":"closed","sticky":false,"template":"","format":"standard","meta":{"footnotes":""},"categories":[6],"tags":[591,425,192,426,516,378,767,1657,2795],"class_list":["post-28422","post","type-post","status-publish","format-standard","has-post-thumbnail","hentry","category-noticias","tag-baixa","tag-conta","tag-governo","tag-luz","tag-medida","tag-ministerio","tag-reducao","tag-renda","tag-social"],"_links":{"self":[{"href":"https:\/\/www.sincomam.org.br\/index.php\/wp-json\/wp\/v2\/posts\/28422","targetHints":{"allow":["GET"]}}],"collection":[{"href":"https:\/\/www.sincomam.org.br\/index.php\/wp-json\/wp\/v2\/posts"}],"about":[{"href":"https:\/\/www.sincomam.org.br\/index.php\/wp-json\/wp\/v2\/types\/post"}],"author":[{"embeddable":true,"href":"https:\/\/www.sincomam.org.br\/index.php\/wp-json\/wp\/v2\/users\/1182"}],"replies":[{"embeddable":true,"href":"https:\/\/www.sincomam.org.br\/index.php\/wp-json\/wp\/v2\/comments?post=28422"}],"version-history":[{"count":1,"href":"https:\/\/www.sincomam.org.br\/index.php\/wp-json\/wp\/v2\/posts\/28422\/revisions"}],"predecessor-version":[{"id":28423,"href":"https:\/\/www.sincomam.org.br\/index.php\/wp-json\/wp\/v2\/posts\/28422\/revisions\/28423"}],"wp:featuredmedia":[{"embeddable":true,"href":"https:\/\/www.sincomam.org.br\/index.php\/wp-json\/wp\/v2\/media\/4294"}],"wp:attachment":[{"href":"https:\/\/www.sincomam.org.br\/index.php\/wp-json\/wp\/v2\/media?parent=28422"}],"wp:term":[{"taxonomy":"category","embeddable":true,"href":"https:\/\/www.sincomam.org.br\/index.php\/wp-json\/wp\/v2\/categories?post=28422"},{"taxonomy":"post_tag","embeddable":true,"href":"https:\/\/www.sincomam.org.br\/index.php\/wp-json\/wp\/v2\/tags?post=28422"}],"curies":[{"name":"wp","href":"https:\/\/api.w.org\/{rel}","templated":true}]}}