{"id":28405,"date":"2020-04-08T09:42:52","date_gmt":"2020-04-08T12:42:52","guid":{"rendered":"http:\/\/www.sincomam.org.br\/?p=28405"},"modified":"2020-04-08T09:45:20","modified_gmt":"2020-04-08T12:45:20","slug":"stf-decide-que-acordos-de-reducao-salarial-devem-passar-por-sindicatos","status":"publish","type":"post","link":"https:\/\/www.sincomam.org.br\/index.php\/stf-decide-que-acordos-de-reducao-salarial-devem-passar-por-sindicatos\/","title":{"rendered":"STF decide que acordos de redu\u00e7\u00e3o salarial devem passar por sindicatos"},"content":{"rendered":"<p><strong><em>Sindicatos devem ser comunicados em at\u00e9 10 dias sobre os acordos individuais entre empresas e empregados<\/em><\/strong><\/p>\n<p>O ministro Ricardo Lewandowski, do Supremo Tribunal Federal (STF), deferiu nesta segunda-feira (6), em parte medida cautelar na A\u00e7\u00e3o Direta de Inconstitucionalidade (ADI) 6363 para estabelecer que os acordos individuais de redu\u00e7\u00e3o de jornada de trabalho e de sal\u00e1rio ou de suspens\u00e3o tempor\u00e1ria de contrato de trabalho previstos na Medida Provis\u00f3ria (MP) 936\/2020, somente ser\u00e3o v\u00e1lidos se os sindicatos de trabalhadores forem notificados em at\u00e9 10 dias e se manifestarem sobre sua validade.\u200b<\/p>\n<p>Segundo a decis\u00e3o do ministro, que ser\u00e1 submetida a referendo do Plen\u00e1rio, a n\u00e3o manifesta\u00e7\u00e3o do sindicato, na forma e nos prazos estabelecidos na legisla\u00e7\u00e3o trabalhista, representa anu\u00eancia com o acordo individual.<\/p>\n<p>No entendimento de Lewandowski, os sindicatos n\u00e3o podem ser exclu\u00eddos das negocia\u00e7\u00f5es individuais. O ministro do STF acrescentou que, ap\u00f3s ser comunicado sobre o acordo individual, o sindicato poder\u00e1 propor a negocia\u00e7\u00e3o coletiva.<\/p>\n<p><strong>A a\u00e7\u00e3o<\/strong><\/p>\n<p>A ADI foi ajuizada pelo partido Rede Sustentabilidade contra dispositivos da MP 936\/2020, que institui o Programa Emergencial de Manuten\u00e7\u00e3o do Emprego e da Renda e introduz medidas trabalhistas complementares para enfrentar o estado de calamidade p\u00fablica decorrente da pandemia do novo coronav\u00edrus. Entre elas est\u00e1 a possibilidade de redu\u00e7\u00e3o salarial e a suspens\u00e3o de contratos de trabalho mediante acordo individual.<\/p>\n<p><strong>Cl\u00e1usulas p\u00e9treas<\/strong><\/p>\n<p>No exame preliminar da a\u00e7\u00e3o, o ministro salienta que a celebra\u00e7\u00e3o de acordos individuais com essa finalidade sem a participa\u00e7\u00e3o das entidades sindicais parece afrontar direitos e garantias individuais dos trabalhadores que s\u00e3o cl\u00e1usulas p\u00e9treas da Constitui\u00e7\u00e3o Federal. Ele destaca que o constituinte origin\u00e1rio estabeleceu o princ\u00edpio da irredutibilidade salarial em raz\u00e3o de seu car\u00e1ter alimentar, autorizando sua flexibiliza\u00e7\u00e3o unicamente mediante negocia\u00e7\u00e3o coletiva.<\/p>\n<p>Segundo Lewandowski, a assimetria do poder de barganha que caracteriza as negocia\u00e7\u00f5es entre empregador e empregado permite antever que disposi\u00e7\u00f5es legais ou contratuais que venham a reduzir o equil\u00edbrio entre as partes da rela\u00e7\u00e3o de trabalho \u201ccertamente, resultar\u00e3o em ofensa ao princ\u00edpio da dignidade da pessoa e ao postulado da valoriza\u00e7\u00e3o do trabalho humano\u201d (artigos 1\u00ba, incisos III e IV, e 170, caput, da Constitui\u00e7\u00e3o). \u201cPor isso, a norma impugnada, tal como posta, a princ\u00edpio, n\u00e3o pode subsistir\u201d.<\/p>\n<p><strong>Cautela<\/strong><\/p>\n<p>O ministro ressalta que, diante das graves propor\u00e7\u00f5es assumidas pela pandemia da Covid-19, \u00e9 necess\u00e1rio agir com cautela, visando preservar resguardar os direitos dos trabalhadores e, ao mesmo tempo, evitar retrocessos. Sua decis\u00e3o, assim, tem o prop\u00f3sito de promover a seguran\u00e7a jur\u00eddica de todos os envolvidos na negocia\u00e7\u00e3o, &#8220;especialmente necess\u00e1ria nesta quadra hist\u00f3rica t\u00e3o repleta de perplexidades\u201d.<\/p>\n<p><strong>Efetividade<\/strong><\/p>\n<p>Para Lewandowski, o afastamento dos sindicatos das negocia\u00e7\u00f5es, com o potencial de causar sens\u00edveis preju\u00edzos aos trabalhadores, contraria a l\u00f3gica do Direito do Trabalho, que parte da premissa da desigualdade estrutural entre os dois polos da rela\u00e7\u00e3o laboral. Ele explica que \u00e9 necess\u00e1rio interpretar o texto da MP segundo a Constitui\u00e7\u00e3o Federal para que seja dada um m\u00ednimo de efetividade \u00e0 comunica\u00e7\u00e3o a ser feita ao sindicato na negocia\u00e7\u00e3o e com sua aprova\u00e7\u00e3o.<\/p>\n<p>Fonte: STF<\/p>\n<p>Foto: Carlos Humberto\/ SCO\/Ministro Ricardo Lewandowski (STF)<\/p>\n","protected":false},"excerpt":{"rendered":"<p>Sindicatos devem ser comunicados em at\u00e9 10 dias sobre os acordos individuais entre empresas e empregados O ministro Ricardo Lewandowski, do Supremo Tribunal Federal (STF),&#8230;<\/p>\n","protected":false},"author":1182,"featured_media":28408,"comment_status":"closed","ping_status":"closed","sticky":false,"template":"","format":"standard","meta":{"footnotes":""},"categories":[6],"tags":[606,103,300,2791,65,2790,2792,459,1014],"class_list":["post-28405","post","type-post","status-publish","format-standard","has-post-thumbnail","hentry","category-noticias","tag-acao","tag-acordos","tag-decisao","tag-empregados","tag-empresas","tag-lewandowski","tag-mp-936-2020","tag-sindicatos","tag-stf"],"_links":{"self":[{"href":"https:\/\/www.sincomam.org.br\/index.php\/wp-json\/wp\/v2\/posts\/28405","targetHints":{"allow":["GET"]}}],"collection":[{"href":"https:\/\/www.sincomam.org.br\/index.php\/wp-json\/wp\/v2\/posts"}],"about":[{"href":"https:\/\/www.sincomam.org.br\/index.php\/wp-json\/wp\/v2\/types\/post"}],"author":[{"embeddable":true,"href":"https:\/\/www.sincomam.org.br\/index.php\/wp-json\/wp\/v2\/users\/1182"}],"replies":[{"embeddable":true,"href":"https:\/\/www.sincomam.org.br\/index.php\/wp-json\/wp\/v2\/comments?post=28405"}],"version-history":[{"count":1,"href":"https:\/\/www.sincomam.org.br\/index.php\/wp-json\/wp\/v2\/posts\/28405\/revisions"}],"predecessor-version":[{"id":28407,"href":"https:\/\/www.sincomam.org.br\/index.php\/wp-json\/wp\/v2\/posts\/28405\/revisions\/28407"}],"wp:featuredmedia":[{"embeddable":true,"href":"https:\/\/www.sincomam.org.br\/index.php\/wp-json\/wp\/v2\/media\/28408"}],"wp:attachment":[{"href":"https:\/\/www.sincomam.org.br\/index.php\/wp-json\/wp\/v2\/media?parent=28405"}],"wp:term":[{"taxonomy":"category","embeddable":true,"href":"https:\/\/www.sincomam.org.br\/index.php\/wp-json\/wp\/v2\/categories?post=28405"},{"taxonomy":"post_tag","embeddable":true,"href":"https:\/\/www.sincomam.org.br\/index.php\/wp-json\/wp\/v2\/tags?post=28405"}],"curies":[{"name":"wp","href":"https:\/\/api.w.org\/{rel}","templated":true}]}}