{"id":28403,"date":"2020-04-08T09:17:41","date_gmt":"2020-04-08T12:17:41","guid":{"rendered":"http:\/\/www.sincomam.org.br\/?p=28403"},"modified":"2020-04-08T09:17:41","modified_gmt":"2020-04-08T12:17:41","slug":"governo-libera-saque-de-r-1-045-do-fgts-a-partir-de-15-de-junho","status":"publish","type":"post","link":"https:\/\/www.sincomam.org.br\/index.php\/governo-libera-saque-de-r-1-045-do-fgts-a-partir-de-15-de-junho\/","title":{"rendered":"Governo libera saque de R$ 1.045 do FGTS a partir de 15 de junho"},"content":{"rendered":"<p><strong><em>Medida faz parte das a\u00e7\u00f5es adotadas para atenuar os efeitos econ\u00f4micos do novo coronav\u00edrus no Pa\u00eds<\/em><\/strong><\/p>\n<p>O governo federal confirmou no Di\u00e1rio Oficial da Uni\u00e3o (DOU) uma nova fase de libera\u00e7\u00e3o de recursos do FGTS. Medida Provis\u00f3ria publicada na noite desta ter\u00e7a-feira vai permitir saques de R$ 1.045 por trabalhador. A medida faz parte das a\u00e7\u00f5es adotadas para atenuar os efeitos econ\u00f4micos do novo coronav\u00edrus no Pa\u00eds. Os valores poder\u00e3o ser retirados a partir de 15 de junho e ficar\u00e3o dispon\u00edveis at\u00e9 31 de dezembro.<\/p>\n<p>A Medida Provis\u00f3ria 946\/2020, que autoriza os saques, extingue o Fundo PIS-Pasep, institu\u00eddo por lei complementar em 1975, e transfere o seu patrim\u00f4nio para o FGTS. De acordo com o texto, o patrim\u00f4nio acumulado nas contas individuais dos participantes do Fundo PIS-Pasep ficar\u00e1 preservado.<\/p>\n<p>A nova libera\u00e7\u00e3o de recursos do FGTS deve beneficiar cerca de 60 milh\u00f5es de contas. Segundo fontes ouvidas pela reportagem, o valor autorizado representa o limite poss\u00edvel de ser liberado nas contas sem comprometer a sustentabilidade do FGTS.<\/p>\n<p>O governo estima uma inje\u00e7\u00e3o de aproximadamente R$ 34 bilh\u00f5es com a nova rodada de saques. Desse valor, R$ 20 bilh\u00f5es vir\u00e3o da transfer\u00eancia dos recursos que estavam parados no Fundo PIS-Pasep. Outros R$ 14 bilh\u00f5es j\u00e1 haviam sido disponibilizados por meio do chamado \u201csaque imediato\u201d aprovado ano passado, mas que ainda n\u00e3o foram resgatados.<\/p>\n<p>Fonte: Exame\/Estad\u00e3o Conte\u00fado<\/p>\n","protected":false},"excerpt":{"rendered":"<p>Medida faz parte das a\u00e7\u00f5es adotadas para atenuar os efeitos econ\u00f4micos do novo coronav\u00edrus no Pa\u00eds O governo federal confirmou no Di\u00e1rio Oficial da Uni\u00e3o&#8230;<\/p>\n","protected":false},"author":1182,"featured_media":3898,"comment_status":"closed","ping_status":"closed","sticky":false,"template":"","format":"standard","meta":{"footnotes":""},"categories":[6],"tags":[590,391,192,325,1150],"class_list":["post-28403","post","type-post","status-publish","format-standard","has-post-thumbnail","hentry","category-noticias","tag-acoes","tag-fgts","tag-governo","tag-liberacao","tag-medidas"],"_links":{"self":[{"href":"https:\/\/www.sincomam.org.br\/index.php\/wp-json\/wp\/v2\/posts\/28403","targetHints":{"allow":["GET"]}}],"collection":[{"href":"https:\/\/www.sincomam.org.br\/index.php\/wp-json\/wp\/v2\/posts"}],"about":[{"href":"https:\/\/www.sincomam.org.br\/index.php\/wp-json\/wp\/v2\/types\/post"}],"author":[{"embeddable":true,"href":"https:\/\/www.sincomam.org.br\/index.php\/wp-json\/wp\/v2\/users\/1182"}],"replies":[{"embeddable":true,"href":"https:\/\/www.sincomam.org.br\/index.php\/wp-json\/wp\/v2\/comments?post=28403"}],"version-history":[{"count":1,"href":"https:\/\/www.sincomam.org.br\/index.php\/wp-json\/wp\/v2\/posts\/28403\/revisions"}],"predecessor-version":[{"id":28404,"href":"https:\/\/www.sincomam.org.br\/index.php\/wp-json\/wp\/v2\/posts\/28403\/revisions\/28404"}],"wp:featuredmedia":[{"embeddable":true,"href":"https:\/\/www.sincomam.org.br\/index.php\/wp-json\/wp\/v2\/media\/3898"}],"wp:attachment":[{"href":"https:\/\/www.sincomam.org.br\/index.php\/wp-json\/wp\/v2\/media?parent=28403"}],"wp:term":[{"taxonomy":"category","embeddable":true,"href":"https:\/\/www.sincomam.org.br\/index.php\/wp-json\/wp\/v2\/categories?post=28403"},{"taxonomy":"post_tag","embeddable":true,"href":"https:\/\/www.sincomam.org.br\/index.php\/wp-json\/wp\/v2\/tags?post=28403"}],"curies":[{"name":"wp","href":"https:\/\/api.w.org\/{rel}","templated":true}]}}